{"id":42223,"date":"2018-10-24T08:04:30","date_gmt":"2018-10-24T05:04:30","guid":{"rendered":"http:\/\/realitatearutiera.ro\/?p=42223"},"modified":"2018-10-24T08:04:30","modified_gmt":"2018-10-24T05:04:30","slug":"informatii-din-trafic-107","status":"publish","type":"post","link":"http:\/\/realitatearutiera.ro\/?p=42223","title":{"rendered":"Informa\u021bii din trafic"},"content":{"rendered":"<p><b>Ora:\u00a0<\/b>07:00<\/p>\n<p><strong>Centrul INFOTRAFIC din Inspectoratul General al Poli\u0163iei Rom\u00e2ne<\/strong>\u00a0informeaz\u0103 c\u0103, la aceast\u0103 or\u0103, nu sunt semnalate evenimente rutiere care s\u0103 impun\u0103 oprirea circula\u0163iei pe drumurile na\u0163ionale sau pe autostr\u0103zi.<\/p>\n<p>Din cauza c\u0103derilor de z\u0103pad\u0103, \u00eencep\u00e2nd cu seara de 22 octombrie 2018, circula\u021bia rutier\u0103 pe DN67C (Transalpina) a fost \u00eenchis\u0103 pentru toate categoriile de autovehicule pe tronsonul R\u00e2nca (Gorj) \u2013 Ob\u00e2r\u015fia Lotrului (V\u00e2lcea), \u00eentre kilometrii 34+800 de metri \u015fi 59+800 de metri.<\/p>\n<p>Traficul rutier este \u00eengreunat pe DN 1, \u00een jude\u0163ul Bra\u015fov, la kilometrul 220, unde se execut\u0103 lucr\u0103ri la podul de la ie\u015firea din \u015eercaia spre F\u0103g\u0103ra\u015f, p\u00e2n\u0103 la \u00eenceputul lunii noiembrie 2018. Zona este semnalizat\u0103 cu semafoare.<\/p>\n<p>Pe Autostrada A1, circula\u0163ia rutier\u0103 este \u00eenchis\u0103 pe sectorul\u00a0 \u0218oimu\u0219 \u2013 Simeria, \u00eentre kilometrii 354 \u015fi 369, pentru efectuarea lucr\u0103rilor de realizare a conexiunii \u00eentre sectorul de autostrad\u0103 Deva \u2013 Or\u0103\u0219tie (aflat sub trafic) cu lotul 4 al autostr\u0103zii Lugoj \u2013 Deva (\u00een execu\u021bie). Se estimeaz\u0103 c\u0103 lucr\u0103rile vor fi finalizate p\u00e2n\u0103 \u00een data de 15 noiembrie 2018. Traficul se desf\u0103\u015foar\u0103 deviat pe DN 7, pe segmentul Simeria \u2013 Deva.<\/p>\n<p>Pe Autostrada A2, pe sensul Bucure\u015fti \u2013 Constan\u0163a, au loc lucr\u0103ri de repara\u0163ii la sistemul rutier \u00eentre kilometrii 68+700 metri \u015fi 75+900 metri, circula\u0163ia fiind restric\u0163ionat\u0103 pe sensul c\u0103tre litoral, \u00eentre localit\u0103\u0163ile Lehliu-Gar\u0103 \u015fi Drajna, jude\u0163ul C\u0103l\u0103ra\u015fi. Traficul se desf\u0103\u015foar\u0103 doar pe calea 2 (Constan\u0163a \u2013 Bucure\u015fti), \u00een ambele sensuri, pe c\u00e2te o band\u0103 de circula\u0163ie, p\u00e2n\u0103 la data de 04 noiembrie 2018.<\/p>\n<p>Sursa&gt;politiaromana<\/p>\n","protected":false},"excerpt":{"rendered":"<p>Ora:\u00a007:00 Centrul INFOTRAFIC din Inspectoratul General al Poli\u0163iei Rom\u00e2ne\u00a0informeaz\u0103 c\u0103, la aceast\u0103 or\u0103, nu sunt semnalate evenimente rutiere care s\u0103<\/p>\n","protected":false},"author":1,"featured_media":27311,"comment_status":"closed","ping_status":"closed","sticky":false,"template":"","format":"standard","meta":{"spay_email":"","footnotes":"","jetpack_publicize_message":""},"categories":[54],"tags":[],"class_list":["post-42223","post","type-post","status-publish","format-standard","has-post-thumbnail","hentry","category-informatii-rutiere"],"jetpack_featured_media_url":"https:\/\/i2.wp.com\/realitatearutiera.ro\/wp-content\/uploads\/2017\/09\/infotrafic.jpg?fit=630%2C365","jetpack_publicize_connections":[],"jetpack_sharing_enabled":true,"jetpack_shortlink":"https:\/\/wp.me\/p61naM-aZ1","jetpack-related-posts":[],"_links":{"self":[{"href":"http:\/\/realitatearutiera.ro\/index.php?rest_route=\/wp\/v2\/posts\/42223","targetHints":{"allow":["GET"]}}],"collection":[{"href":"http:\/\/realitatearutiera.ro\/index.php?rest_route=\/wp\/v2\/posts"}],"about":[{"href":"http:\/\/realitatearutiera.ro\/index.php?rest_route=\/wp\/v2\/types\/post"}],"author":[{"embeddable":true,"href":"http:\/\/realitatearutiera.ro\/index.php?rest_route=\/wp\/v2\/users\/1"}],"replies":[{"embeddable":true,"href":"http:\/\/realitatearutiera.ro\/index.php?rest_route=%2Fwp%2Fv2%2Fcomments&post=42223"}],"version-history":[{"count":1,"href":"http:\/\/realitatearutiera.ro\/index.php?rest_route=\/wp\/v2\/posts\/42223\/revisions"}],"predecessor-version":[{"id":42224,"href":"http:\/\/realitatearutiera.ro\/index.php?rest_route=\/wp\/v2\/posts\/42223\/revisions\/42224"}],"wp:featuredmedia":[{"embeddable":true,"href":"http:\/\/realitatearutiera.ro\/index.php?rest_route=\/wp\/v2\/media\/27311"}],"wp:attachment":[{"href":"http:\/\/realitatearutiera.ro\/index.php?rest_route=%2Fwp%2Fv2%2Fmedia&parent=42223"}],"wp:term":[{"taxonomy":"category","embeddable":true,"href":"http:\/\/realitatearutiera.ro\/index.php?rest_route=%2Fwp%2Fv2%2Fcategories&post=42223"},{"taxonomy":"post_tag","embeddable":true,"href":"http:\/\/realitatearutiera.ro\/index.php?rest_route=%2Fwp%2Fv2%2Ftags&post=42223"}],"curies":[{"name":"wp","href":"https:\/\/api.w.org\/{rel}","templated":true}]}}