{"id":43185,"date":"2018-11-15T09:27:23","date_gmt":"2018-11-15T07:27:23","guid":{"rendered":"http:\/\/realitatearutiera.ro\/?p=43185"},"modified":"2018-11-15T09:27:23","modified_gmt":"2018-11-15T07:27:23","slug":"un-sofer-aflat-in-coma-alcoolica-a-provocat-un-accident-teribil","status":"publish","type":"post","link":"http:\/\/realitatearutiera.ro\/?p=43185","title":{"rendered":"Un \u0219ofer, aflat \u00een COM\u0102 ALCOOLIC\u0102, a provocat un accident TERIBIL"},"content":{"rendered":"<p>Un accident deosebit de grav a avut loc, \u00een noaptea trecut\u0103, \u00een Cluj. Un \u0219ofer extrem de beat, aflat aproape de com\u0103 alcoolic\u0103 a provocat o tragedie \u00een urma c\u0103reia dou\u0103 persoane s-au ales cu r\u0103ni majore.<\/p>\n<p>Noaptea trecut\u0103, un grav accident de circula\u021bie a avut loc, \u00een localitatea Rug\u0103\u015fe\u015fti. Un \u0219ofer aflat aproape de com\u0103 alcoolic\u0103 a pierdut controlul volanului, a ie\u0219it de pe carosabil \u0219i s-a izbit puternic de o autoutilitar\u0103, ce se deplasa regulamentar.<\/p>\n<p>\u00cen urma impactului, dou\u0103 persoane, \u0219oferul \u0219i pasagerul din dreapta al acestuia au fost grav r\u0103ni\u021bi \u0219i au fost transporta\u021bi de urgen\u021b\u0103 la spital, acolo unde au primit \u00eengrijiri de specialitate.<\/p>\n<div class=\"banner\">\n<div class=\"marginbottom20\">\n<div id=\"div-gpt-ad-1487770369933-2\" data-google-query-id=\"CM6H4q3u1d4CFdXk7Qod3dMCTQ\">\n<div id=\"google_ads_iframe_\/62727623\/Antena3-Romania-Rectangle1_0__container__\">\u015eoferul care a provocat \u00a0accidentul a fost testat de c\u0103tre poli\u0163i\u015fti cu aparatul etilotest, iar rezultatul a fost unul record de 1,47 mg\/l alcool pur \u00een aerul expirat.<\/div>\n<div><\/div>\n<div>Sursa:antena3<\/div>\n<\/div>\n<\/div>\n<\/div>\n","protected":false},"excerpt":{"rendered":"<p>Un accident deosebit de grav a avut loc, \u00een noaptea trecut\u0103, \u00een Cluj. Un \u0219ofer extrem de beat, aflat aproape<\/p>\n","protected":false},"author":1,"featured_media":43186,"comment_status":"closed","ping_status":"closed","sticky":false,"template":"","format":"standard","meta":{"spay_email":"","footnotes":"","jetpack_publicize_message":""},"categories":[1],"tags":[],"class_list":["post-43185","post","type-post","status-publish","format-standard","has-post-thumbnail","hentry","category-uncategorized"],"jetpack_featured_media_url":"https:\/\/i0.wp.com\/realitatearutiera.ro\/wp-content\/uploads\/2018\/11\/accident-mwc-generic.jpg?fit=750%2C501","jetpack_publicize_connections":[],"jetpack_sharing_enabled":true,"jetpack_shortlink":"https:\/\/wp.me\/p61naM-bex","jetpack-related-posts":[],"_links":{"self":[{"href":"http:\/\/realitatearutiera.ro\/index.php?rest_route=\/wp\/v2\/posts\/43185","targetHints":{"allow":["GET"]}}],"collection":[{"href":"http:\/\/realitatearutiera.ro\/index.php?rest_route=\/wp\/v2\/posts"}],"about":[{"href":"http:\/\/realitatearutiera.ro\/index.php?rest_route=\/wp\/v2\/types\/post"}],"author":[{"embeddable":true,"href":"http:\/\/realitatearutiera.ro\/index.php?rest_route=\/wp\/v2\/users\/1"}],"replies":[{"embeddable":true,"href":"http:\/\/realitatearutiera.ro\/index.php?rest_route=%2Fwp%2Fv2%2Fcomments&post=43185"}],"version-history":[{"count":1,"href":"http:\/\/realitatearutiera.ro\/index.php?rest_route=\/wp\/v2\/posts\/43185\/revisions"}],"predecessor-version":[{"id":43187,"href":"http:\/\/realitatearutiera.ro\/index.php?rest_route=\/wp\/v2\/posts\/43185\/revisions\/43187"}],"wp:featuredmedia":[{"embeddable":true,"href":"http:\/\/realitatearutiera.ro\/index.php?rest_route=\/wp\/v2\/media\/43186"}],"wp:attachment":[{"href":"http:\/\/realitatearutiera.ro\/index.php?rest_route=%2Fwp%2Fv2%2Fmedia&parent=43185"}],"wp:term":[{"taxonomy":"category","embeddable":true,"href":"http:\/\/realitatearutiera.ro\/index.php?rest_route=%2Fwp%2Fv2%2Fcategories&post=43185"},{"taxonomy":"post_tag","embeddable":true,"href":"http:\/\/realitatearutiera.ro\/index.php?rest_route=%2Fwp%2Fv2%2Ftags&post=43185"}],"curies":[{"name":"wp","href":"https:\/\/api.w.org\/{rel}","templated":true}]}}