{"id":43700,"date":"2018-11-29T08:58:00","date_gmt":"2018-11-29T06:58:00","guid":{"rendered":"http:\/\/realitatearutiera.ro\/?p=43700"},"modified":"2018-11-29T08:58:00","modified_gmt":"2018-11-29T06:58:00","slug":"descoperire-macabra-intr-un-lac-din-sibiu-ce-au-gasit-politistii-dupa-ce-un-barbat-a-vazut-o-lanterna-in-apa","status":"publish","type":"post","link":"http:\/\/realitatearutiera.ro\/?p=43700","title":{"rendered":"Descoperire macabr\u0103 \u00eentr-un lac din Sibiu. Ce au g\u0103sit poli\u0163i\u015ftii dup\u0103 ce un b\u0103rbat a v\u0103zut o lantern\u0103 \u00een ap\u0103"},"content":{"rendered":"<p>Cadavrul unei femei care disp\u0103ruse de acas\u0103 de trei zile a fost g\u0103sit, miercuri, \u00eentr-un lac din localitatea Colun, jude\u0163ul Sibiu.<\/p>\n<p>Femeia de 46 de ani a plecat de acas\u0103 duminic\u0103 seara, iar de atunci nu s-a mai \u00eentors. A fost c\u0103utat\u0103 de so\u0163ul s\u0103u p\u00e2n\u0103 c\u00e2nd un localnic a v\u0103zut pe lac o lantern\u0103 despre care s-a presupus c\u0103 ar fi fost folosit\u0103 de femeie, \u00een noaptea dispari\u0163iei.<\/p>\n<p>Dup\u0103 dou\u0103 zile de c\u0103ut\u0103ri cu scafandri, cadavrul femeii a fost g\u0103sit \u00een lacul de la marginea localit\u0103\u0163ii. Poli\u0163i\u015ftii cerceteaz\u0103 acum cazul \u015fi \u00eencearc\u0103 s\u0103 afle cum a murit femeia.<\/p>\n","protected":false},"excerpt":{"rendered":"<p>Cadavrul unei femei care disp\u0103ruse de acas\u0103 de trei zile a fost g\u0103sit, miercuri, \u00eentr-un lac din localitatea Colun, jude\u0163ul<\/p>\n","protected":false},"author":1,"featured_media":43701,"comment_status":"closed","ping_status":"closed","sticky":false,"template":"","format":"standard","meta":{"spay_email":"","footnotes":"","jetpack_publicize_message":""},"categories":[11],"tags":[],"class_list":["post-43700","post","type-post","status-publish","format-standard","has-post-thumbnail","hentry","category-stiri-interne"],"jetpack_featured_media_url":"https:\/\/i2.wp.com\/realitatearutiera.ro\/wp-content\/uploads\/2018\/11\/scafandri-inecat-barca.jpg?fit=800%2C500","jetpack_publicize_connections":[],"jetpack_sharing_enabled":true,"jetpack_shortlink":"https:\/\/wp.me\/p61naM-bmQ","jetpack-related-posts":[],"_links":{"self":[{"href":"http:\/\/realitatearutiera.ro\/index.php?rest_route=\/wp\/v2\/posts\/43700","targetHints":{"allow":["GET"]}}],"collection":[{"href":"http:\/\/realitatearutiera.ro\/index.php?rest_route=\/wp\/v2\/posts"}],"about":[{"href":"http:\/\/realitatearutiera.ro\/index.php?rest_route=\/wp\/v2\/types\/post"}],"author":[{"embeddable":true,"href":"http:\/\/realitatearutiera.ro\/index.php?rest_route=\/wp\/v2\/users\/1"}],"replies":[{"embeddable":true,"href":"http:\/\/realitatearutiera.ro\/index.php?rest_route=%2Fwp%2Fv2%2Fcomments&post=43700"}],"version-history":[{"count":1,"href":"http:\/\/realitatearutiera.ro\/index.php?rest_route=\/wp\/v2\/posts\/43700\/revisions"}],"predecessor-version":[{"id":43702,"href":"http:\/\/realitatearutiera.ro\/index.php?rest_route=\/wp\/v2\/posts\/43700\/revisions\/43702"}],"wp:featuredmedia":[{"embeddable":true,"href":"http:\/\/realitatearutiera.ro\/index.php?rest_route=\/wp\/v2\/media\/43701"}],"wp:attachment":[{"href":"http:\/\/realitatearutiera.ro\/index.php?rest_route=%2Fwp%2Fv2%2Fmedia&parent=43700"}],"wp:term":[{"taxonomy":"category","embeddable":true,"href":"http:\/\/realitatearutiera.ro\/index.php?rest_route=%2Fwp%2Fv2%2Fcategories&post=43700"},{"taxonomy":"post_tag","embeddable":true,"href":"http:\/\/realitatearutiera.ro\/index.php?rest_route=%2Fwp%2Fv2%2Ftags&post=43700"}],"curies":[{"name":"wp","href":"https:\/\/api.w.org\/{rel}","templated":true}]}}