{"id":46861,"date":"2019-02-22T08:04:05","date_gmt":"2019-02-22T06:04:05","guid":{"rendered":"http:\/\/realitatearutiera.ro\/?p=46861"},"modified":"2019-02-22T08:04:10","modified_gmt":"2019-02-22T06:04:10","slug":"accident-mortal-pe-dj-212-in-judetul-braila","status":"publish","type":"post","link":"http:\/\/realitatearutiera.ro\/?p=46861","title":{"rendered":"Accident mortal pe DJ 212, \u00een jude\u021bul Br\u0103ila"},"content":{"rendered":"\n<p><strong> O autoutilitar\u0103 ISUZU \u00eenmatriculat\u0103 \u00een Gala\u021bi a tras pe dreapta \u00eentruc\u00e2t i se oprise motorul. \u0218oferul autoutilitarei nu a semnalizat-o \u0219i un autoturism Volkswagen a lovit-o din spate. \u00cen urma impactului, o persoan\u0103 a decedat, iar o alta este \u00eencarcerat\u0103. <\/strong><\/p>\n\n\n\n<p> Joi seara, \u00een jurul orei 19.00, pe DJ 212, \u00eentre Berte\u015ftii de Jos \u015fi Spiru Haret, a avut loc un accident rutier soldat cu decesul unei persoane. Un autoturism Volkswagen\u00a0 \u00eenmatriculat \u00een Br\u0103ila nu a observat autoutilitara sta\u021bionat\u0103 \u0219i nesemnalizat\u0103 \u0219i a intrat \u00een coliziune cu aceasta.<\/p>\n\n\n\n<p>La momentul de fa\u021b\u0103 o persoan\u0103 este decedat\u0103, iar alte patru sunt r\u0103nite. Persoana decedat\u0103 era pasager \u00een autoutilitar\u0103. Alte dou\u0103 persoane din autoutilitar\u0103 \u0219i dou\u0103 din autoturismul Volkswagen sunt r\u0103nite.<\/p>\n\n\n\n<p>La fa\u021ba locului au sosit mai multe ambulan\u0163e \u015fi un echipaj al ISU Dun\u0103rea de la Serviciul de Descarcerare.<\/p>\n\n\n\n<p>Sursa:realitatea<\/p>\n","protected":false},"excerpt":{"rendered":"<p>O autoutilitar\u0103 ISUZU \u00eenmatriculat\u0103 \u00een Gala\u021bi a tras pe dreapta \u00eentruc\u00e2t i se oprise motorul. \u0218oferul autoutilitarei nu a semnalizat-o<\/p>\n","protected":false},"author":1,"featured_media":43321,"comment_status":"closed","ping_status":"closed","sticky":false,"template":"","format":"standard","meta":{"spay_email":"","footnotes":"","jetpack_publicize_message":""},"categories":[1],"tags":[],"class_list":["post-46861","post","type-post","status-publish","format-standard","has-post-thumbnail","hentry","category-uncategorized"],"jetpack_featured_media_url":"https:\/\/i1.wp.com\/realitatearutiera.ro\/wp-content\/uploads\/2018\/11\/accident-465x390.jpg?fit=605%2C340","jetpack_publicize_connections":[],"jetpack_sharing_enabled":true,"jetpack_shortlink":"https:\/\/wp.me\/p61naM-cbP","jetpack-related-posts":[],"_links":{"self":[{"href":"http:\/\/realitatearutiera.ro\/index.php?rest_route=\/wp\/v2\/posts\/46861","targetHints":{"allow":["GET"]}}],"collection":[{"href":"http:\/\/realitatearutiera.ro\/index.php?rest_route=\/wp\/v2\/posts"}],"about":[{"href":"http:\/\/realitatearutiera.ro\/index.php?rest_route=\/wp\/v2\/types\/post"}],"author":[{"embeddable":true,"href":"http:\/\/realitatearutiera.ro\/index.php?rest_route=\/wp\/v2\/users\/1"}],"replies":[{"embeddable":true,"href":"http:\/\/realitatearutiera.ro\/index.php?rest_route=%2Fwp%2Fv2%2Fcomments&post=46861"}],"version-history":[{"count":1,"href":"http:\/\/realitatearutiera.ro\/index.php?rest_route=\/wp\/v2\/posts\/46861\/revisions"}],"predecessor-version":[{"id":46862,"href":"http:\/\/realitatearutiera.ro\/index.php?rest_route=\/wp\/v2\/posts\/46861\/revisions\/46862"}],"wp:featuredmedia":[{"embeddable":true,"href":"http:\/\/realitatearutiera.ro\/index.php?rest_route=\/wp\/v2\/media\/43321"}],"wp:attachment":[{"href":"http:\/\/realitatearutiera.ro\/index.php?rest_route=%2Fwp%2Fv2%2Fmedia&parent=46861"}],"wp:term":[{"taxonomy":"category","embeddable":true,"href":"http:\/\/realitatearutiera.ro\/index.php?rest_route=%2Fwp%2Fv2%2Fcategories&post=46861"},{"taxonomy":"post_tag","embeddable":true,"href":"http:\/\/realitatearutiera.ro\/index.php?rest_route=%2Fwp%2Fv2%2Ftags&post=46861"}],"curies":[{"name":"wp","href":"https:\/\/api.w.org\/{rel}","templated":true}]}}