{"id":47344,"date":"2019-03-07T08:15:02","date_gmt":"2019-03-07T06:15:02","guid":{"rendered":"http:\/\/realitatearutiera.ro\/?p=47344"},"modified":"2019-03-05T09:55:02","modified_gmt":"2019-03-05T07:55:02","slug":"cele-mai-frumoase-ganduri-si-mesaje-de-8-martie-pentru-femei","status":"publish","type":"post","link":"http:\/\/realitatearutiera.ro\/?p=47344","title":{"rendered":"Cele mai frumoase g\u00e2nduri \u0219i mesaje de 8 Martie pentru femei"},"content":{"rendered":"\n<p>Ziua de 8 Martie este cunoscut\u0103 \u00een \u00eentreaga lume ca s\u0103rb\u0103toarea interna\u021bional\u0103 a femeii. Luna martie este prima lun\u0103 a prim\u0103verii c\u00e2nd toat\u0103 natura rena\u0219te \u0219i razele soarelui \u00eencep s\u0103 ne \u00eenc\u0103lzeasc\u0103 sufletele. Dac\u0103 evenimentul coincide, ca perioad\u0103 din an, cu un nou \u00eenceput, semnifica\u0163iile acestuia sunt legate \u015fi de lupta femeilor pentru dob\u00e2ndirea unor drepturi, confund\u00e2ndu-se ulterior cu o s\u0103rb\u0103toare a mamelor \u00een \u021b\u0103rile din fostul bloc sovietic.<\/p>\n\n\n\n<p>\u00cen anul 1977, Adunarea General\u0103 a ONU a proclamat printr-o rezolu\u021bie Ziua Na\u021biunilor Unite pentru Drepturile Femeilor \u0219i Pace Interna\u021bional\u0103. O s\u0103rb\u0103toare a femeilor, recunoscut\u0103 interna\u021bional, dar f\u0103r\u0103 a se preciza o zi anume, a fost hot\u0103r\u00e2t\u0103 \u00eenc\u0103 din 1910, de Interna\u021bionala Socialist\u0103 reunit\u0103 la Copenhaga. Dup\u0103 Primul R\u0103zboi Mondial s-a fixat data de 8 martie ca Ziua Interna\u021bional\u0103 a Femeii, dar procesul de emanciparea femeii nu a fost \u00eencheiat.<\/p>\n\n\n\n<p><strong>8 Martie 2017.&nbsp;<\/strong>Femeile au continuat s\u0103 demonstreze pentru drepturi egale \u0219i \u00een principal pentru drept de vot. Urm\u0103toarea etap\u0103 \u00een instituirea unei zile dedicate femeii l-a constituit proclamarea, \u00een 1975, de c\u0103tre ONU, a Anului Interna\u021bional al Femeilor \u0219i declararea perioadei 1976\u20131985 ca Deceniul ONU pentru condi\u021bia femeii.<\/p>\n\n\n\n<p>\u00cen 1908, 15.000 de femei au m\u0103r\u0219\u0103luit \u00een New York cer\u00e2nd un program de lucru mai scurt, salarii mai bune \u0219i dreptul la vot, iar \u00een 1909, conform unei declara\u021bii a Partidului Socialist din America, Ziua Interna\u021bionala a Femeii a fost stabilit\u0103 pe 28 februarie.&nbsp;<\/p>\n\n\n\n<p><strong>8 Martie 2017.&nbsp;<\/strong>Un an mai t\u00e2rziu, \u00een 1910, \u00een urma unei Conferin\u021be a Muncitoarelor de la Copenhaga, unde au participat peste 100 de femei din 17 \u021b\u0103ri, s-a hot\u0103r\u00e2t ca Ziua Femeii s\u0103 fie s\u0103rb\u0103torit\u0103 \u00een aceia\u0219i zi peste tot \u00een lume, data de 8 martie fiind aleas\u0103 \u00eens\u0103 abia \u00een 1913.<\/p>\n\n\n\n<p>Ziua femeii a fost recunoscut\u0103 ca s\u0103rb\u0103toare interna\u021bional\u0103 \u00een 1977, devenind o tradi\u021bie \u00een majoritatea \u021b\u0103rilor din Europa \u0219i \u00een SUA, fiecare s\u0103rb\u0103torind-o a\u0219a cum o simte. Ziua de 8 Martie este pe plan interna\u0163ional Ziua Femeilor Militante, a celor datorit\u0103 c\u0103rora femeile au drept de vot, dreptul la proprietate, dreptul la educa\u021bie, la divor\u021b, la asisten\u021b\u0103 medical\u0103, la contracep\u021bie.<\/p>\n\n\n\n<p><strong>8 Martie 2017.&nbsp;<\/strong>\u00cen Anglia, unde pe 8 Martie au loc mar\u0219uri \u0219i \u00eentruniri \u00een memoria acestor Femei. \u00cen Rom\u00e2nia \u00een ziua de 8 Martie se s\u0103rb\u0103tore\u0219te Femeia, bucuria vie\u021bii \u0219i motiva\u021bia de a tr\u0103i. P\u00e2n\u0103 \u00een decembrie 1989 se vorbea de ziua mamei, prilej cu care se organizau spectacole dedicate mamelor.<\/p>\n\n\n\n<h2 class=\"wp-block-heading\"><strong>8 Martie 2017. Dup\u0103 &#8217;89, \u00een Rom\u00e2nia Ziua Mamei este \u00eenlocuit\u0103 cu Ziua Femeii<\/strong><\/h2>\n\n\n\n<p>Dup\u0103 Revolu\u021bia din 1989, \u00een Rom\u00e2nia, no\u021biunea de ziua mamei este \u00eenlocuit\u0103 cu ziua femeii. Orice femeie a\u0219teapt\u0103 cu ner\u0103bdare ziua femeii, zi \u00een care \u00ee\u021bi dore\u0219te s\u0103 fie r\u0103sf\u0103\u021bat\u0103 at\u00e2t de iubit, so\u021b, c\u00e2t \u0219i de copii, rude \u0219i chiar colegi. Este ziua \u00een care femeia este sau ar trebui s\u0103 fie ridicat\u0103 pe piedestalul unei regine, s\u0103 primeasc\u0103 flori \u00een semn de respect \u0219i mul\u021bumire.<\/p>\n\n\n\n<p><strong>8 Martie 2017.&nbsp;<\/strong>Democra\u021bia \u0219i tranzac\u021bia au f\u0103cut ca preten\u021biile s\u0103 creasc\u0103. De la flori s-a ajuns la cadouri c\u00e2t mai costisitoare \u0219i mai extravagante: bijuterii, parfumuri, excursii \u0219i sejururi \u00een str\u0103in\u0103tate prin care b\u0103rba\u021bii \u00eencearc\u0103 s\u0103-\u0219i exprime dragostea fa\u021b\u0103 de femeia din viata lor. Mai mult, emanciparea \u0219i independen\u021ba financiar\u0103 a femeilor au impus ca \u201emoda\u201d de ziua femeii, participarea la spectacole de striptease masculin sau la \u201epetreceri \u00eentre fete\u201d.<\/p>\n\n\n\n<p>8 martie este s\u0103rb\u0103toare oficial\u0103 \u00een \u021b\u0103ri precum: Afganistan, Angola, Armenia, Azerbaidjan, Belarus, Burkina Faso, Cambodgia, Camerun, China, Croa\u021bia, Cuba, Georgia, Guinea, Eritrea, Kazakhstan, K\u00eerg\u00eezstan, Laos, Macedonia, Madagascar, Moldova, Mongolia, Muntenegru, Nepal, Rusia, Tajikistan, Turkmenistan, Uganda, Ucraina, Uzbekistan, Vietnam \u0219i Zambia, \u00eens\u0103 este s\u0103rb\u0103torit\u0103 \u0219i \u00een alte state, precum Chile, Serbia sau Bulgaria.<\/p>\n\n\n\n<p><strong>8 Martie 2017.&nbsp;<\/strong>Ziua Interna\u021bionala a Femeilor \u00een Vest, simbolizeaz\u0103 emanciparea femeii, fiind instituit\u0103 pentru a promova drepturile acestora \u0219i egalitatea cu b\u0103rba\u021bii. Pe de alta parte, s\u0103rb\u0103toarea este perceput\u0103 ca o mo\u0219tenire comunist\u0103, \u00een estul Europei.<\/p>\n\n\n\n<h2 class=\"wp-block-heading\"><strong>8 Martie 2017. &nbsp;\u00cen \u0163\u0103rile baltice pe 8 Martie este Ziua Mamei<\/strong><\/h2>\n\n\n\n<p>\u00cen \u021b\u0103rile baltice, de 8 martie se pune mai mult accent pe Ziua mamei, s\u0103rb\u0103toare marcat\u0103 prin oferirea de daruri \u0219i flori acestora.<\/p>\n\n\n\n<p>Conota\u021bia politic\u0103 din Rusia a disp\u0103rut, iar felicit\u0103rile de 8 martie sunt oferite femeilor din \u00eentreaga \u021bar\u0103.<\/p>\n\n\n\n<p>\u00cen Italia, de 8 martie sunt organizate reuniuni despre afirmarea drepturilor femeilor, a siguran\u021bei acestora la locul de munc\u0103, a s\u0103n\u0103t\u0103\u021bii.<br>B\u0103rba\u021bii din Italia, ofer\u0103 de 8 martie femeilor mimoze galbene. Mimozele galbene \u0219i ciocolata sunt daruri oferite frecvent \u0219i femeilor din Rusia \u0219i Albania, \u00een ziua de 8 martie .<\/p>\n\n\n\n<p>\u00cen Portugalia \u0219i nu numai, femeile s\u0103rb\u0103toresc seara zilei de 8 martie \u00een ora\u0219, \u00een grupuri formate numai din femei.<\/p>\n\n\n\n<p>Femeile din Pakistan celebreaz\u0103 \u00een fiecare an, pe data de 8 martie, luptele acestora pentru drepturile femeii \u0219i \u00eencerc\u0103rile de natur\u0103 cultural\u0103 sau religioas\u0103, prin care au trecut acestea.<\/p>\n\n\n\n<h2 class=\"wp-block-heading\"><strong>8 Martie 2017. \u00cen ce \u0163\u0103ri se s\u0103rb\u0103tore\u015fte Ziua Femii pe 8 Martie<\/strong><\/h2>\n\n\n\n<p><strong>8 Martie 2017.&nbsp;<\/strong>\u00cen data de 8 martie, Ziua Interna\u021bional\u0103 a Femeii este s\u0103rb\u0103torit\u0103 (\u00een unele \u021b\u0103ri fiind declarat\u0103 prin lege zi liber\u0103) \u00een urm\u0103toarele state: Albania, Algeria, Armenia, Azerbaidjan, Bangladesh, Belarus, Bosnia \u015fi Her\u0163egovina, Brazilia, Bulgaria, Burkina Faso, Cambodgia, Camerun, Chile, Columbia, Croa\u0163ia, Cuba, Cipru, Danemarca, Eritreea, Finlanda, Georgia, Grecia, Guineea-Bissau, Islanda, India, Italia, Israel, Laos, Letonia, Kazajstan, Kosovo, Kirghizstan, Macedonia, Madagascar, Malta, Mexic, Republica Moldova, Mongolia, Muntenegru, Nepal, Palestina, Polonia, Portugalia, Rom\u00e2nia, Rusia, Serbia, Slovacia, Slovenia, Suedia, Siria, Tadjikistan, Turcia, Turkmenistan, Ungaria, Uzbekistan, Vietnam, Zambia. \u00cen China, femeile au dup\u0103-amiaza liber\u0103 de 8 martie.<\/p>\n\n\n\n<p>\u00cen aceast\u0103 zi se obi\u015fnuie\u015fte ca b\u0103rba\u0163ii s\u0103 d\u0103ruiasc\u0103 flori \u015fi mici cadouri femeilor din via\u0163a lor \u2013 so\u0163iilor, iubitelor, mamelor, fiicelor \u015fi colegelor. \u00cen Rom\u00e2nia \u015fi Bulgaria, se p\u0103streaz\u0103 obiceiurile de dinainte de c\u0103derea comunismului, c\u00e2nd de 8 martie, de Ziua Mamei, copiii f\u0103ceau cadouri mamelor, bunicilor, \u00eenv\u0103\u0163\u0103toarelor \u015fi profesoarelor.<\/p>\n\n\n\n<p><strong>8 Martie 2017.&nbsp;<\/strong>\u00cen Rom\u00e2nia, Ziua Mamei a fost declarat\u0103 s\u0103rb\u0103toare public\u0103 \u00eencep\u00e2nd din 2010 \u015fi este s\u0103rb\u0103torit\u0103 \u00een prima duminic\u0103 a lunii mai.<\/p>\n\n\n\n<p>Ziua Femeii. Felicit\u0103ri de 8 martie. 8 Martie e Ziua Interna\u0163ional\u0103 a Femeii. Fie c\u0103 este vorba de m\u0103mici, so\u0163ii, iubite, prietene sau colege, cu to\u0163ii transmitem \u00een aceast\u0103 zi un g\u00e2nd bun c\u0103tre persoanele dragi de sex feminin din via\u0163a noastr\u0103. Iat\u0103 mai jos c\u00e2teva felicit\u0103ri, mesaje, ur\u0103ri \u015fi sms-uri, care sper\u0103m s\u0103 v\u0103 fie de ajutor \u00een a v\u0103 m\u0103rturisi iubirea \u015fi ata\u015famentul fa\u0163\u0103 de acestea.<\/p>\n\n\n\n<p><strong>8 Martie e Ziua Interna\u0163ional\u0103 a Femeii.<\/strong><\/p>\n\n\n\n<p>Fie c\u0103 este vorba de m\u0103mici, so\u0163ii, iubite, prietene sau colege, cu to\u0163ii transmitem \u00een aceast\u0103 zi un g\u00e2nd bun c\u0103tre persoanele dragi de sex feminin din via\u0163a noastr\u0103.&nbsp; Iat\u0103 mai jos c\u00e2teva sugestii, mesaje, ur\u0103ri \u015fi sms-uri, care sper\u0103m s\u0103 v\u0103 fie de ajutor \u00een a v\u0103 m\u0103rturisi iubirea \u015fi ata\u015famentul fa\u0163\u0103 de acestea.<\/p>\n\n\n\n<figure class=\"wp-block-image\"><img decoding=\"async\" src=\"https:\/\/i1.wp.com\/media.rtv.net\/image\/201803\/w620\/8_martie_38861500_18096700.jpg?w=800&#038;ssl=1\" alt=\"Imagini pentru felicitari pentru femei de 8 martie\" data-recalc-dims=\"1\"\/><\/figure>\n\n\n\n<figure class=\"wp-block-image\"><img decoding=\"async\" src=\"https:\/\/i0.wp.com\/media.realitatea.net\/multimedia\/image\/201803\/w728\/felicitari-8-martie-2018-ziua-femeii-ziua-mamei-5_37398800.jpg?w=800&#038;ssl=1\" alt=\"Imagini pentru felicitari pentru femei de 8 martie\" data-recalc-dims=\"1\"\/><\/figure>\n\n\n\n<figure class=\"wp-block-image\"><img decoding=\"async\" src=\"https:\/\/i0.wp.com\/media.publika.md\/md\/image\/201803\/w720\/la_multi_ani_de_8_martie_p0d73a25d1p7_50162100_28383700.jpg?w=800&#038;ssl=1\" alt=\"Imagini pentru felicitari pentru femei de 8 martie\" data-recalc-dims=\"1\"\/><\/figure>\n\n\n\n<figure class=\"wp-block-image\"><img decoding=\"async\" src=\"https:\/\/i2.wp.com\/huff.ro\/wp-content\/uploads\/2017\/03\/Felicitari-de-8-martie-pentru-toate-femeile.jpg?w=800&#038;ssl=1\" alt=\"Imagini pentru felicitari pentru femei de 8 martie\" data-recalc-dims=\"1\"\/><\/figure>\n\n\n\n<figure class=\"wp-block-image is-resized\"><img loading=\"lazy\" decoding=\"async\" src=\"https:\/\/i2.wp.com\/media.rtv.net\/image\/201803\/w620\/mesaje_felicitari_urari_8_martie_pentru_mama_23821600.jpg?resize=467%2C294&#038;ssl=1\" alt=\"Imagini pentru felicitari pentru mame de 8 martie\" width=\"467\" height=\"294\" data-recalc-dims=\"1\" \/><\/figure>\n\n\n\n<figure class=\"wp-block-image\"><img decoding=\"async\" src=\"https:\/\/i0.wp.com\/media.realitatea.net\/multimedia\/image\/201603\/w460\/felicitari-frumoase-de-8-martie-1_84639900.jpg?w=800&#038;ssl=1\" alt=\"Imagini pentru felicitari pentru mame de 8 martie\" data-recalc-dims=\"1\"\/><\/figure>\n\n\n\n<figure class=\"wp-block-image is-resized\"><img loading=\"lazy\" decoding=\"async\" src=\"https:\/\/i0.wp.com\/i.ytimg.com\/vi\/oPC9WGoJ5nk\/maxresdefault.jpg?resize=459%2C258&#038;ssl=1\" alt=\"Imagini pentru felicitari pentru mame de 8 martie\" width=\"459\" height=\"258\" data-recalc-dims=\"1\" \/><\/figure>\n\n\n\n<figure class=\"wp-block-image is-resized\"><img loading=\"lazy\" decoding=\"async\" src=\"https:\/\/i1.wp.com\/media.realitatea.net\/multimedia\/image\/201803\/full\/felicitari-8-martie-2018-ziua-femeii-ziua-mamei-8_77847000.jpg?resize=467%2C263&#038;ssl=1\" alt=\"Imagini pentru felicitari pentru mame de 8 martie\" width=\"467\" height=\"263\" data-recalc-dims=\"1\" \/><\/figure>\n\n\n\n<figure class=\"wp-block-image\"><img decoding=\"async\" src=\"https:\/\/i1.wp.com\/img.ele.ro\/felicitari\/felicitari\/mari\/f_4001.jpg?w=800&#038;ssl=1\" alt=\"Imagini pentru felicitari pentru mame de 8 martie\" data-recalc-dims=\"1\"\/><\/figure>\n\n\n\n<figure class=\"wp-block-image is-resized\"><img loading=\"lazy\" decoding=\"async\" src=\"https:\/\/i0.wp.com\/www.sfatulmamicilor.ro\/uploads\/articles\/felicitari-de-8-martie-4.jpg?resize=498%2C498&#038;ssl=1\" alt=\"Imagini pentru felicitari pentru mame de 8 martie\" width=\"498\" height=\"498\" data-recalc-dims=\"1\" \/><\/figure>\n\n\n\n<figure class=\"wp-block-embed-youtube wp-block-embed is-type-video is-provider-youtube wp-embed-aspect-16-9 wp-has-aspect-ratio\"><div class=\"wp-block-embed__wrapper\">\n<span class=\"embed-youtube\" style=\"text-align:center; display: block;\"><iframe class='youtube-player' width='800' height='450' src='https:\/\/www.youtube.com\/embed\/v7IlSpqNxWw?version=3&#038;rel=1&#038;fs=1&#038;autohide=2&#038;showsearch=0&#038;showinfo=1&#038;iv_load_policy=1&#038;wmode=transparent' allowfullscreen='true' style='border:0;'><\/iframe><\/span>\n<\/div><\/figure>\n\n\n\n<figure class=\"wp-block-image\"><img decoding=\"async\" src=\"https:\/\/i0.wp.com\/i.ytimg.com\/vi\/rALy6LkQx8A\/hqdefault.jpg?w=800&#038;ssl=1\" alt=\"Imagini pentru felicitari pentru verisoara mea de 8 martie\" data-recalc-dims=\"1\"\/><\/figure>\n\n\n\n<figure class=\"wp-block-image\"><img decoding=\"async\" src=\"https:\/\/i1.wp.com\/www.mesajeurarifelicitari.com\/images\/persoane\/8martie\/verisoara\/8martie-verisoara-5988.jpg?w=800&#038;ssl=1\" alt=\"Imagini pentru felicitari pentru verisoara mea de 8 martie\" data-recalc-dims=\"1\"\/><\/figure>\n\n\n\n<figure class=\"wp-block-image\"><img decoding=\"async\" src=\"https:\/\/i2.wp.com\/www.mesajeurarifelicitari.com\/images\/persoane\/8martie\/verisoara\/8martie-verisoara-4668.jpg?w=800&#038;ssl=1\" alt=\"Imagini pentru felicitari pentru verisoara mea de 8 martie\" data-recalc-dims=\"1\"\/><\/figure>\n\n\n\n<figure class=\"wp-block-image\"><img decoding=\"async\" src=\"https:\/\/i2.wp.com\/www.mesajeurarifelicitari.com\/images\/persoane\/8martie\/verisoara\/8martie-verisoara-11594.jpg?w=800&#038;ssl=1\" alt=\"Imagini pentru felicitari pentru verisoara mea de 8 martie\" data-recalc-dims=\"1\"\/><\/figure>\n\n\n\n<figure class=\"wp-block-image\"><img decoding=\"async\" src=\"https:\/\/i0.wp.com\/www.mesajeurarifelicitari.com\/images\/persoane\/8martie\/matusa\/8martie-matusa-7236.jpg?w=800&#038;ssl=1\" alt=\"Imagini pentru felicitari pentru matusa mea de 8 martie\" data-recalc-dims=\"1\"\/><\/figure>\n\n\n\n<figure class=\"wp-block-image\"><img decoding=\"async\" src=\"https:\/\/i2.wp.com\/i.ytimg.com\/vi\/a4nYTVhsot8\/hqdefault.jpg?w=800&#038;ssl=1\" alt=\"Imagini pentru felicitari pentru matusa mea de 8 martie\" data-recalc-dims=\"1\"\/><\/figure>\n\n\n\n<figure class=\"wp-block-image\"><img decoding=\"async\" src=\"https:\/\/i2.wp.com\/www.mesajeurarifelicitari.com\/images\/persoane\/lamultiani\/matusa\/lamultiani-matusa-24643.jpg?w=800&#038;ssl=1\" alt=\"Imagini pentru felicitari pentru matusa mea de 8 martie\" data-recalc-dims=\"1\"\/><\/figure>\n\n\n\n<figure class=\"wp-block-image\"><img decoding=\"async\" src=\"https:\/\/i2.wp.com\/huff.ro\/wp-content\/uploads\/2017\/03\/felicitare-12.jpg?w=800&#038;ssl=1\" alt=\"Imagine similar\u00c4\u0083\" data-recalc-dims=\"1\"\/><\/figure>\n\n\n\n<p>Sursa:realitatea<\/p>\n\n\n\n<p>Imagini:google<\/p>\n","protected":false},"excerpt":{"rendered":"<p>Ziua de 8 Martie este cunoscut\u0103 \u00een \u00eentreaga lume ca s\u0103rb\u0103toarea interna\u021bional\u0103 a femeii. Luna martie este prima lun\u0103 a<\/p>\n","protected":false},"author":1,"featured_media":47353,"comment_status":"closed","ping_status":"closed","sticky":false,"template":"","format":"standard","meta":{"spay_email":"","footnotes":"","jetpack_publicize_message":""},"categories":[6],"tags":[],"class_list":["post-47344","post","type-post","status-publish","format-standard","has-post-thumbnail","hentry","category-social"],"jetpack_featured_media_url":"https:\/\/i1.wp.com\/realitatearutiera.ro\/wp-content\/uploads\/2019\/03\/images.jpg?fit=290%2C174","jetpack_publicize_connections":[],"jetpack_sharing_enabled":true,"jetpack_shortlink":"https:\/\/wp.me\/p61naM-cjC","jetpack-related-posts":[],"_links":{"self":[{"href":"http:\/\/realitatearutiera.ro\/index.php?rest_route=\/wp\/v2\/posts\/47344","targetHints":{"allow":["GET"]}}],"collection":[{"href":"http:\/\/realitatearutiera.ro\/index.php?rest_route=\/wp\/v2\/posts"}],"about":[{"href":"http:\/\/realitatearutiera.ro\/index.php?rest_route=\/wp\/v2\/types\/post"}],"author":[{"embeddable":true,"href":"http:\/\/realitatearutiera.ro\/index.php?rest_route=\/wp\/v2\/users\/1"}],"replies":[{"embeddable":true,"href":"http:\/\/realitatearutiera.ro\/index.php?rest_route=%2Fwp%2Fv2%2Fcomments&post=47344"}],"version-history":[{"count":1,"href":"http:\/\/realitatearutiera.ro\/index.php?rest_route=\/wp\/v2\/posts\/47344\/revisions"}],"predecessor-version":[{"id":47354,"href":"http:\/\/realitatearutiera.ro\/index.php?rest_route=\/wp\/v2\/posts\/47344\/revisions\/47354"}],"wp:featuredmedia":[{"embeddable":true,"href":"http:\/\/realitatearutiera.ro\/index.php?rest_route=\/wp\/v2\/media\/47353"}],"wp:attachment":[{"href":"http:\/\/realitatearutiera.ro\/index.php?rest_route=%2Fwp%2Fv2%2Fmedia&parent=47344"}],"wp:term":[{"taxonomy":"category","embeddable":true,"href":"http:\/\/realitatearutiera.ro\/index.php?rest_route=%2Fwp%2Fv2%2Fcategories&post=47344"},{"taxonomy":"post_tag","embeddable":true,"href":"http:\/\/realitatearutiera.ro\/index.php?rest_route=%2Fwp%2Fv2%2Ftags&post=47344"}],"curies":[{"name":"wp","href":"https:\/\/api.w.org\/{rel}","templated":true}]}}