{"id":49370,"date":"2019-05-02T08:12:25","date_gmt":"2019-05-02T05:12:25","guid":{"rendered":"http:\/\/realitatearutiera.ro\/?p=49370"},"modified":"2019-05-02T08:12:32","modified_gmt":"2019-05-02T05:12:32","slug":"an-scolar-2019-2020-schimbare-majora-elevii-vor-merge-mai-devreme-la-scoala","status":"publish","type":"post","link":"http:\/\/realitatearutiera.ro\/?p=49370","title":{"rendered":"An \u0219colar 2019-2020. Schimbare major\u0103: Elevii vor merge mai devreme la \u0219coal\u0103"},"content":{"rendered":"\n<p><strong>Ministerul Educa\u021biei a publicat \u00een Monitorul Oficial ordinul cu structura anului \u0219colar 2019-2020 iar \u0219coala nu va mai \u00eencepe anul acesta pe 15 septembrie, ci pe 9 septembrie.<\/strong><\/p>\n\n\n\n<p>\u00cen anul \u0219colar 2019-2020, cursurile vor \u00eencepe pe 9 septembrie \u0219i se vor \u00eencheia pe 12 iunie. Anul \u0219colar va avea 35 de s\u0103pt\u0103m\u00e2ni, dintre care 15 s\u0103pt\u0103m\u00e2ni \u00een primul semestru \u015fi 20 \u00een cel de-al doilea semestru, informeaz\u0103&nbsp;<strong>antena3.ro.<\/strong><\/p>\n\n\n\n<p>Elevii de clasa a VIII-a vor \u00eencheia cursurile \u00een 5 iunie, iar cei de clasa a XII-a \u015fi a XIII-a seral \u015fi frecven\u0163\u0103 redus\u0103 vor \u00eencheia cursurile \u00een 29 mai. Pre\u0219colarii \u015fi elevii din clasele primare vor avea vacan\u021ba \u00een s\u0103pt\u0103m\u00e2na 26 octombrie \u2013 3 noiembrie. Vacan\u021ba de prim\u0103var\u0103 va fi \u00een perioada 4-21 aprilie 2020.<\/p>\n\n\n\n<p><strong>Structura anului \u0219colar 2019-2020:<\/strong><\/p>\n\n\n\n<p><strong>Semestrul I<\/strong><\/p>\n\n\n\n<p>Cursuri: Luni, 9 septembrie 2019 \u2013 Vineri, 20 decembrie 2019<\/p>\n\n\n\n<p>Vacan\u0163a pentru gr\u0103dini\u0163e si clasele preg\u0103titoare- clasa a IV-a: 26 octombrie \u2013 3 noiembrie 2019<\/p>\n\n\n\n<p>Vacanta de iarn\u0103: S\u00e2mb\u0103t\u0103, 21 decembrie 2019 \u2013 Duminic\u0103, 12 ianuarie 2020<\/p>\n\n\n\n<p><strong>Semestrul al II-lea<\/strong><\/p>\n\n\n\n<p>Cursuri: Luni, 13 ianuarie 2020 \u2013 Vineri, 3 aprilie 2020<\/p>\n\n\n\n<p>Vacanta de prim\u0103var\u0103: S\u00e2mb\u0103t\u0103, 4 aprilie 2020 \u2013 Mar\u0163i, 21 aprilie 2020<\/p>\n\n\n\n<p>Cursuri: Miercuri, 22 aprilie 2020 \u2013 Vineri, 12 iunie 2020<a rel=\"noreferrer noopener\" href=\"https:\/\/www.capital.ro\/dezastru-in-tara-care-sunt-peste-un-milion-de-romani-tocmai-au-facut-anuntul.html?utm_source=EvzcatreCapital&amp;utm_medium=cross_site_wg&amp;utm_campaign=interior_articol\" target=\"_blank\">l<\/a><\/p>\n\n\n\n<p>\u00cen noul ordin nu se precizeaz\u0103 c\u00e2t va dura vacan\u0163a de var\u0103. Se precizeaz\u0103 doar c\u0103 vacan\u0163a de var\u0103 va \u00eencepe s\u00e2mb\u0103t\u0103, 13 iunie 2020, \u015fi se va \u00eencheia la data din septembrie 2020 la care \u00eencep cursurile anului \u015fcolar 2020-2021.<\/p>\n\n\n\n<p>Sursa:evz<\/p>\n","protected":false},"excerpt":{"rendered":"<p>Ministerul Educa\u021biei a publicat \u00een Monitorul Oficial ordinul cu structura anului \u0219colar 2019-2020 iar \u0219coala nu va mai \u00eencepe anul<\/p>\n","protected":false},"author":1,"featured_media":49371,"comment_status":"closed","ping_status":"closed","sticky":false,"template":"","format":"standard","meta":{"spay_email":"","footnotes":"","jetpack_publicize_message":""},"categories":[6],"tags":[],"class_list":["post-49370","post","type-post","status-publish","format-standard","has-post-thumbnail","hentry","category-social"],"jetpack_featured_media_url":"https:\/\/i2.wp.com\/realitatearutiera.ro\/wp-content\/uploads\/2019\/05\/1_3_182903_1550569342_01365_sm.jpg?fit=327%2C196","jetpack_publicize_connections":[],"jetpack_sharing_enabled":true,"jetpack_shortlink":"https:\/\/wp.me\/p61naM-cQi","jetpack-related-posts":[],"_links":{"self":[{"href":"http:\/\/realitatearutiera.ro\/index.php?rest_route=\/wp\/v2\/posts\/49370","targetHints":{"allow":["GET"]}}],"collection":[{"href":"http:\/\/realitatearutiera.ro\/index.php?rest_route=\/wp\/v2\/posts"}],"about":[{"href":"http:\/\/realitatearutiera.ro\/index.php?rest_route=\/wp\/v2\/types\/post"}],"author":[{"embeddable":true,"href":"http:\/\/realitatearutiera.ro\/index.php?rest_route=\/wp\/v2\/users\/1"}],"replies":[{"embeddable":true,"href":"http:\/\/realitatearutiera.ro\/index.php?rest_route=%2Fwp%2Fv2%2Fcomments&post=49370"}],"version-history":[{"count":1,"href":"http:\/\/realitatearutiera.ro\/index.php?rest_route=\/wp\/v2\/posts\/49370\/revisions"}],"predecessor-version":[{"id":49372,"href":"http:\/\/realitatearutiera.ro\/index.php?rest_route=\/wp\/v2\/posts\/49370\/revisions\/49372"}],"wp:featuredmedia":[{"embeddable":true,"href":"http:\/\/realitatearutiera.ro\/index.php?rest_route=\/wp\/v2\/media\/49371"}],"wp:attachment":[{"href":"http:\/\/realitatearutiera.ro\/index.php?rest_route=%2Fwp%2Fv2%2Fmedia&parent=49370"}],"wp:term":[{"taxonomy":"category","embeddable":true,"href":"http:\/\/realitatearutiera.ro\/index.php?rest_route=%2Fwp%2Fv2%2Fcategories&post=49370"},{"taxonomy":"post_tag","embeddable":true,"href":"http:\/\/realitatearutiera.ro\/index.php?rest_route=%2Fwp%2Fv2%2Ftags&post=49370"}],"curies":[{"name":"wp","href":"https:\/\/api.w.org\/{rel}","templated":true}]}}