{"id":53727,"date":"2019-08-26T13:03:45","date_gmt":"2019-08-26T10:03:45","guid":{"rendered":"http:\/\/realitatearutiera.ro\/?p=53727"},"modified":"2019-08-26T12:10:42","modified_gmt":"2019-08-26T09:10:42","slug":"drumetie-pe-taramul-misterelor-tara-luanei","status":"publish","type":"post","link":"http:\/\/realitatearutiera.ro\/?p=53727","title":{"rendered":"Drume\u021bie pe t\u0103r\u00e2mul misterelor- \u021aara Luanei"},"content":{"rendered":"\n<p>\u021aara Luanei este localizat\u0103, potrivit legendei, \u00een Mun\u021bii Buz\u0103ului, iar pe raza localit\u0103\u021bilor Col\u021bi, Bozioru \u0219i Br\u0103e\u0219ti se afl\u0103 zece a\u0219ez\u0103ri rupestre locuite \u00eenc\u0103 din vremuri \u00eendep\u0103rate, dar \u0219i monumente ale naturii, \u00een jurul c\u0103rora, de-a lungul timpului, s-au \u021besut numeroase basme \u0219i legende, precum \u0219i numeroase povestiri despre dispari\u021bii umane \u0219i fenomene paranormale.<\/p>\n\n\n\n<p>A\u0219ez\u0103rile rupestre de la Nucu-Aluni\u0219, cu 29 de locuin\u021be, se afl\u0103 la \u0219ase kilometri de centrul comunei Col\u021bi, pe raza localit\u0103\u021bilor Col\u021bi-Bozioru-Br\u0103e\u0219ti.<\/p>\n\n\n\n<div class=\"wp-block-image\"><figure class=\"aligncenter\"><a href=\"https:\/\/i1.wp.com\/www.cunoastelumea.ro\/wp-content\/uploads\/2015\/06\/Complexul-schiturilor-rupestre-Alunis-20101122171622.jpg\"><img decoding=\"async\" src=\"https:\/\/i1.wp.com\/www.cunoastelumea.ro\/wp-content\/uploads\/2015\/06\/Complexul-schiturilor-rupestre-Alunis-20101122171622.jpg?w=800\" alt=\"Complexul-schiturilor-rupestre-Alunis-20101122171622\" class=\"wp-image-3775\" data-recalc-dims=\"1\"\/><\/a><\/figure><\/div>\n\n\n\n<p><br>Cea mai cunoscut\u0103 a\u0219ezare rupestr\u0103 este Biserica din piatr\u0103 de la Aluni\u0219, s\u0103pat\u0103 \u00een piatr\u0103 de doi ciobani, Vlad \u0219i Simion, \u00een jurul anului 1274 \u0219i atestat\u0103 documentar la anul 1351. Aceasta a fost schit de c\u0103lug\u0103ri p\u00e2n\u0103 la anul 1871, iar de atunci este biserica satului Aluni\u0219, cu hramul T\u0103ierea capului Sf\u00e2ntului Ioan Botez\u0103torul.<\/p>\n\n\n\n<div class=\"wp-block-image\"><figure class=\"aligncenter\"><a href=\"https:\/\/i2.wp.com\/www.cunoastelumea.ro\/wp-content\/uploads\/2015\/06\/buzau-1.jpg\"><img decoding=\"async\" src=\"https:\/\/i2.wp.com\/www.cunoastelumea.ro\/wp-content\/uploads\/2015\/06\/buzau-1.jpg?w=800\" alt=\"buzau 1\" class=\"wp-image-3801\" data-recalc-dims=\"1\"\/><\/a><\/figure><\/div>\n\n\n\n<p>Celelalte a\u0219ez\u0103ri rupestre au denumiri relevante pentru \u00eenc\u0103rc\u0103tura lor istoric\u0103: Pe\u0219tera lui Dionisie, Agatonul vechi, Agatonul nou, Pe\u0219tera lui Iosif, Grota Fundul Pe\u0219terii.<\/p>\n\n\n\n<div class=\"wp-block-image\"><figure class=\"aligncenter\"><a href=\"https:\/\/i2.wp.com\/www.cunoastelumea.ro\/wp-content\/uploads\/2015\/06\/buzau-2.jpg\"><img decoding=\"async\" data-attachment-id=\"3802\" data-permalink=\"http:\/\/realitatearutiera.ro\/?attachment_id=3802\" data-orig-file=\"https:\/\/i1.wp.com\/realitatearutiera.ro\/wp-content\/uploads\/2015\/08\/36.jpg?fit=259%2C195\" data-orig-size=\"259,195\" data-comments-opened=\"1\" data-image-meta=\"{&quot;aperture&quot;:&quot;0&quot;,&quot;credit&quot;:&quot;&quot;,&quot;camera&quot;:&quot;&quot;,&quot;caption&quot;:&quot;&quot;,&quot;created_timestamp&quot;:&quot;0&quot;,&quot;copyright&quot;:&quot;&quot;,&quot;focal_length&quot;:&quot;0&quot;,&quot;iso&quot;:&quot;0&quot;,&quot;shutter_speed&quot;:&quot;0&quot;,&quot;title&quot;:&quot;&quot;,&quot;orientation&quot;:&quot;0&quot;}\" data-image-title=\"36\" data-image-description=\"\" data-medium-file=\"https:\/\/i1.wp.com\/realitatearutiera.ro\/wp-content\/uploads\/2015\/08\/36.jpg?fit=259%2C195\" data-large-file=\"https:\/\/i1.wp.com\/realitatearutiera.ro\/wp-content\/uploads\/2015\/08\/36.jpg?fit=259%2C195\" src=\"https:\/\/i2.wp.com\/www.cunoastelumea.ro\/wp-content\/uploads\/2015\/06\/buzau-2.jpg?w=800\" alt=\"buzau 2\" class=\"wp-image-3802\" data-recalc-dims=\"1\"\/><\/a><\/figure><\/div>\n\n\n\n<p>Aceast\u0103 zon\u0103 se mai remarc\u0103 prin existen\u021ba a numeroase st\u00e2nci \u0219i pietre \u00eenc\u0103rcate de simboluri \u0219i semne str\u0103vechi, \u00eenc\u0103 pu\u021bin cercetate. De asemenea, s-au descoperit intr\u0103ri ciudate \u00een p\u0103m\u00e2nt sau locuri \u00een care oamenii s-au confruntat cu fenomene stranii. De altfel, localnicii vorbesc despre dispari\u021bii neobi\u0219nuite ale unor oameni, c\u0103l\u0103torii \u00een timp sau oseminte de uria\u0219i scoase din p\u0103m\u00e2nt \u0219i ascunse de c\u0103tre autorit\u0103\u021bi\u2026<\/p>\n\n\n\n<div class=\"wp-block-image\"><figure class=\"aligncenter\"><a href=\"https:\/\/i2.wp.com\/www.cunoastelumea.ro\/wp-content\/uploads\/2015\/06\/piatra-1.jpg\"><img decoding=\"async\" src=\"https:\/\/i2.wp.com\/www.cunoastelumea.ro\/wp-content\/uploads\/2015\/06\/piatra-1.jpg?w=800\" alt=\"piatra 1\" class=\"wp-image-3803\" data-recalc-dims=\"1\"\/><\/a><\/figure><\/div>\n\n\n\n<div class=\"wp-block-image\"><figure class=\"aligncenter\"><a href=\"https:\/\/i2.wp.com\/www.cunoastelumea.ro\/wp-content\/uploads\/2015\/06\/piatra-2.jpg\"><img decoding=\"async\" src=\"https:\/\/i0.wp.com\/www.cunoastelumea.ro\/wp-content\/uploads\/2015\/06\/piatra-2-1024x576.jpg?resize=800%2C450\" alt=\"piatra 2\" class=\"wp-image-3804\" data-recalc-dims=\"1\"\/><\/a><\/figure><\/div>\n\n\n\n<div class=\"wp-block-image\"><figure class=\"aligncenter\"><a href=\"https:\/\/i2.wp.com\/www.cunoastelumea.ro\/wp-content\/uploads\/2015\/06\/buzau-3.jpg\"><img decoding=\"async\" src=\"https:\/\/i2.wp.com\/www.cunoastelumea.ro\/wp-content\/uploads\/2015\/06\/buzau-3.jpg?w=800\" alt=\"buzau 3\" class=\"wp-image-3806\" data-recalc-dims=\"1\"\/><\/a><\/figure><\/div>\n\n\n\n<p><strong><br>Legenda \u021a\u0103rii Luanei<br><\/strong><\/p>\n\n\n\n<p>\u021aara Luanei, denumirea metaforic\u0103 a \u021binutului muntos al Buz\u0103ului, se datoreaz\u0103 unei legende care de genera\u021bii \u00eentregi circul\u0103 pe cale oral\u0103 printre \u021b\u0103ranii din aceast\u0103 regiune.<\/p>\n\n\n\n<p>B\u0103tr\u00e2nii povestesc c\u0103, \u00een vremuri demult uitate, \u00een Mun\u021bii Buz\u0103ului domnea un rege b\u0103tr\u00e2n \u0219i \u00een\u021belept, Luana, ale c\u0103rui cet\u0103\u021bi atingeau cerul. Ap\u0103r\u0103torii cet\u0103\u021bilor erau viteji netem\u0103tori de moarte care luptau numai pentru dreptate, iar regele le vindeca r\u0103nile cu apele fermecate din Valea Izvoarelor. Vr\u0103jma\u0219ii \u00eempin\u0219i de pizm\u0103, \u00een care de foc, au dobor\u00e2t Soarele Luanei, P\u0103m\u00e2ntul s-a cutremurat din \u00eencheieturi, iar pe locul cet\u0103\u021bii, scoar\u021ba terestr\u0103 a r\u0103mas pustiit\u0103, semne care se mai v\u0103d \u0219i ast\u0103zi, a mai spus Diana Gavril\u0103.<\/p>\n\n\n\n<div class=\"wp-block-image\"><figure class=\"aligncenter\"><a href=\"https:\/\/i2.wp.com\/www.cunoastelumea.ro\/wp-content\/uploads\/2015\/06\/do-alunis-06-vf-turtudui.jpg\"><img decoding=\"async\" data-attachment-id=\"3780\" data-permalink=\"http:\/\/realitatearutiera.ro\/?attachment_id=3780\" data-orig-file=\"https:\/\/i1.wp.com\/realitatearutiera.ro\/wp-content\/uploads\/2015\/07\/lacul-ursu-2.jpg?fit=648%2C424\" data-orig-size=\"648,424\" data-comments-opened=\"1\" data-image-meta=\"{&quot;aperture&quot;:&quot;0&quot;,&quot;credit&quot;:&quot;&quot;,&quot;camera&quot;:&quot;&quot;,&quot;caption&quot;:&quot;&quot;,&quot;created_timestamp&quot;:&quot;1254662173&quot;,&quot;copyright&quot;:&quot;&quot;,&quot;focal_length&quot;:&quot;0&quot;,&quot;iso&quot;:&quot;0&quot;,&quot;shutter_speed&quot;:&quot;0&quot;,&quot;title&quot;:&quot;&quot;,&quot;orientation&quot;:&quot;0&quot;}\" data-image-title=\"lacul-ursu-2\" data-image-description=\"\" data-medium-file=\"https:\/\/i1.wp.com\/realitatearutiera.ro\/wp-content\/uploads\/2015\/07\/lacul-ursu-2.jpg?fit=300%2C196\" data-large-file=\"https:\/\/i1.wp.com\/realitatearutiera.ro\/wp-content\/uploads\/2015\/07\/lacul-ursu-2.jpg?fit=648%2C424\" src=\"https:\/\/i2.wp.com\/www.cunoastelumea.ro\/wp-content\/uploads\/2015\/06\/do-alunis-06-vf-turtudui.jpg?w=800\" alt=\"do-alunis-06-vf-turtudui\" class=\"wp-image-3780\" data-recalc-dims=\"1\"\/><\/a><\/figure><\/div>\n\n\n\n<p>Legendele din \u021aara Luanei sunt mai numeroase, nefiind \u00eens\u0103 confirmate de studiile \u0219tin\u021bifice.<\/p>\n\n\n\n<p>\u2018\u201dMun\u021bii Buz\u0103ului au fost inclu\u0219i din cele mai vechi timpuri \u00een geografia sacr\u0103 a lumii. Peste aceast\u0103 zon\u0103 se \u00eentinde un cer straniu, albastru, de o intensitate extraordinar\u0103, cum rar \u021bi-e dat s\u0103 \u00eent\u00e2lne\u0219ti. Totodat\u0103, b\u0103tr\u00e2nii povestesc de experimentele cu copii supradota\u021bi f\u0103cute de fosta Securitate, transporta\u021bi aici cu autocamioane militare, dar \u0219i de fenomene stranii, cum ar fi dispari\u021bia de persoane, pentru a reapare peste timp\u201d, a mai spus Diana Gavril\u0103, profesor de istorie, c\u0103l\u0103uz\u0103 turistic\u0103.<\/p>\n\n\n\n<p>S\u0103 fie acest loc o poart\u0103 c\u0103tre Lumea de Dincolo, o Poart\u0103 a lui Dumnezeu?<\/p>\n\n\n\n<p>Surse: agerpres, adevarul.ro, stiridebuzau<\/p>\n\n\n\n<div class=\"wp-block-image\"><figure class=\"aligncenter\"><a href=\"https:\/\/i0.wp.com\/www.cunoastelumea.ro\/wp-content\/uploads\/2015\/06\/buzau-4.jpg\"><img decoding=\"async\" src=\"https:\/\/i0.wp.com\/www.cunoastelumea.ro\/wp-content\/uploads\/2015\/06\/buzau-4-1024x768.jpg?resize=800%2C600\" alt=\"buzau 4\" class=\"wp-image-3805\" data-recalc-dims=\"1\"\/><\/a><\/figure><\/div>\n\n\n\n<p><\/p>\n","protected":false},"excerpt":{"rendered":"<p>\u021aara Luanei este localizat\u0103, potrivit legendei, \u00een Mun\u021bii Buz\u0103ului, iar pe raza localit\u0103\u021bilor Col\u021bi, Bozioru \u0219i Br\u0103e\u0219ti se afl\u0103 zece<\/p>\n","protected":false},"author":1,"featured_media":53728,"comment_status":"closed","ping_status":"closed","sticky":false,"template":"","format":"standard","meta":{"spay_email":"","footnotes":"","jetpack_publicize_message":""},"categories":[53],"tags":[],"class_list":["post-53727","post","type-post","status-publish","format-standard","has-post-thumbnail","hentry","category-periplu-prin-romania"],"jetpack_featured_media_url":"https:\/\/i0.wp.com\/realitatearutiera.ro\/wp-content\/uploads\/2019\/08\/maxresdefault-1-1.jpg?fit=1280%2C720","jetpack_publicize_connections":[],"jetpack_sharing_enabled":true,"jetpack_shortlink":"https:\/\/wp.me\/p61naM-dYz","jetpack-related-posts":[],"_links":{"self":[{"href":"http:\/\/realitatearutiera.ro\/index.php?rest_route=\/wp\/v2\/posts\/53727","targetHints":{"allow":["GET"]}}],"collection":[{"href":"http:\/\/realitatearutiera.ro\/index.php?rest_route=\/wp\/v2\/posts"}],"about":[{"href":"http:\/\/realitatearutiera.ro\/index.php?rest_route=\/wp\/v2\/types\/post"}],"author":[{"embeddable":true,"href":"http:\/\/realitatearutiera.ro\/index.php?rest_route=\/wp\/v2\/users\/1"}],"replies":[{"embeddable":true,"href":"http:\/\/realitatearutiera.ro\/index.php?rest_route=%2Fwp%2Fv2%2Fcomments&post=53727"}],"version-history":[{"count":1,"href":"http:\/\/realitatearutiera.ro\/index.php?rest_route=\/wp\/v2\/posts\/53727\/revisions"}],"predecessor-version":[{"id":53729,"href":"http:\/\/realitatearutiera.ro\/index.php?rest_route=\/wp\/v2\/posts\/53727\/revisions\/53729"}],"wp:featuredmedia":[{"embeddable":true,"href":"http:\/\/realitatearutiera.ro\/index.php?rest_route=\/wp\/v2\/media\/53728"}],"wp:attachment":[{"href":"http:\/\/realitatearutiera.ro\/index.php?rest_route=%2Fwp%2Fv2%2Fmedia&parent=53727"}],"wp:term":[{"taxonomy":"category","embeddable":true,"href":"http:\/\/realitatearutiera.ro\/index.php?rest_route=%2Fwp%2Fv2%2Fcategories&post=53727"},{"taxonomy":"post_tag","embeddable":true,"href":"http:\/\/realitatearutiera.ro\/index.php?rest_route=%2Fwp%2Fv2%2Ftags&post=53727"}],"curies":[{"name":"wp","href":"https:\/\/api.w.org\/{rel}","templated":true}]}}