{"id":53734,"date":"2019-08-26T12:30:58","date_gmt":"2019-08-26T09:30:58","guid":{"rendered":"http:\/\/realitatearutiera.ro\/?p=53734"},"modified":"2019-08-26T12:31:04","modified_gmt":"2019-08-26T09:31:04","slug":"alerta-meteo-cod-galben-de-ploi-torentiale-si-vant-in-21-de-judete","status":"publish","type":"post","link":"http:\/\/realitatearutiera.ro\/?p=53734","title":{"rendered":"ALERT\u0102 METEO: Cod galben de ploi toren\u0163iale \u015fi v\u00e2nt \u00een 21 de jude\u0163e"},"content":{"rendered":"\n<p><strong>Administra\u0163ia Na\u0163ional\u0103 de Meteorologie (ANM) a emis, luni, aten\u0163ionare cod galben de ploi toren\u0163iale \u015fi v\u00e2nt \u00een 21 de jude\u0163e din centrul \u015fi Vestul \u0163\u0103rii, p\u00e2n\u0103 luni seara. Pentru zona de Sud este anun\u0163at\u0103 canicul\u0103.<\/strong><\/p>\n\n\n\n<p>Potrivit ANM, codul galben de instabilitate atmosferic\u0103 intr\u0103 \u00een vigoare la ora 14.00 \u015fi este valabil p\u00e2n\u0103 la ora 22.00.<\/p>\n\n\n\n<p>Sunt vizate de aten\u0163ionare jude\u0163ele Satu Mare, Maramure\u015f, S\u0103laj, Bistri\u0163a-N\u0103s\u0103ud, Cluj, Mure\u015f, Harghita, Hunedoara, Alba, Sibiu, Bra\u015fov, Covasna, Gorj, V\u00e2lcea, Arge\u015f, D\u00e2mbovi\u0163a, Prahova, Bihor, Arad, Timi\u015f \u015fi Cara\u015f-Severin.<\/p>\n\n\n\n<p>\u201eVor fi perioade cu instabilitate atmosferic\u0103 accentuat\u0103, ce se va manifesta prin averse toren\u0163iale, intensific\u0103ri ale v\u00e2ntului, cu rafale \u00een general de 55 \u2013 70 km\/h, iar temporar 80 \u2013 90 km\/h, vijelii, frecvente desc\u0103rc\u0103ri electrice \u015fi grindin\u0103. \u00cen intervale scurte de timp sau prin acumulare, cantit\u0103\u0163ile de ap\u0103 vor dep\u0103\u015fi 20&#8230;25 l\/mp \u015fi izolat 50&#8230;60 l\/mp\u201d, anun\u0163\u0103 ANM.<\/p>\n\n\n\n<p> Meteorologii adaug\u0103 faptul c\u0103 disconfortul termic se va men\u0163ine ridicat \u00een dup\u0103-amiaza zilei de luni, cu prec\u0103dere \u00een regiunile sudice \u015fi sud-estice, unde indicele temperatur\u0103-umezeal\u0103 (ITU) va dep\u0103\u015fi pragul critic de 80 de unit\u0103\u0163i, iar temperaturile maxime se vor situa \u00eentre 33 \u015fi 36 de grade. <\/p>\n\n\n\n<p><\/p>\n","protected":false},"excerpt":{"rendered":"<p>Administra\u0163ia Na\u0163ional\u0103 de Meteorologie (ANM) a emis, luni, aten\u0163ionare cod galben de ploi toren\u0163iale \u015fi v\u00e2nt \u00een 21 de jude\u0163e<\/p>\n","protected":false},"author":1,"featured_media":50753,"comment_status":"closed","ping_status":"closed","sticky":false,"template":"","format":"standard","meta":{"spay_email":"","footnotes":"","jetpack_publicize_message":""},"categories":[6],"tags":[],"class_list":["post-53734","post","type-post","status-publish","format-standard","has-post-thumbnail","hentry","category-social"],"jetpack_featured_media_url":"https:\/\/i0.wp.com\/realitatearutiera.ro\/wp-content\/uploads\/2019\/06\/alerta-meteo.jpg?fit=560%2C315","jetpack_publicize_connections":[],"jetpack_sharing_enabled":true,"jetpack_shortlink":"https:\/\/wp.me\/p61naM-dYG","jetpack-related-posts":[],"_links":{"self":[{"href":"http:\/\/realitatearutiera.ro\/index.php?rest_route=\/wp\/v2\/posts\/53734","targetHints":{"allow":["GET"]}}],"collection":[{"href":"http:\/\/realitatearutiera.ro\/index.php?rest_route=\/wp\/v2\/posts"}],"about":[{"href":"http:\/\/realitatearutiera.ro\/index.php?rest_route=\/wp\/v2\/types\/post"}],"author":[{"embeddable":true,"href":"http:\/\/realitatearutiera.ro\/index.php?rest_route=\/wp\/v2\/users\/1"}],"replies":[{"embeddable":true,"href":"http:\/\/realitatearutiera.ro\/index.php?rest_route=%2Fwp%2Fv2%2Fcomments&post=53734"}],"version-history":[{"count":1,"href":"http:\/\/realitatearutiera.ro\/index.php?rest_route=\/wp\/v2\/posts\/53734\/revisions"}],"predecessor-version":[{"id":53735,"href":"http:\/\/realitatearutiera.ro\/index.php?rest_route=\/wp\/v2\/posts\/53734\/revisions\/53735"}],"wp:featuredmedia":[{"embeddable":true,"href":"http:\/\/realitatearutiera.ro\/index.php?rest_route=\/wp\/v2\/media\/50753"}],"wp:attachment":[{"href":"http:\/\/realitatearutiera.ro\/index.php?rest_route=%2Fwp%2Fv2%2Fmedia&parent=53734"}],"wp:term":[{"taxonomy":"category","embeddable":true,"href":"http:\/\/realitatearutiera.ro\/index.php?rest_route=%2Fwp%2Fv2%2Fcategories&post=53734"},{"taxonomy":"post_tag","embeddable":true,"href":"http:\/\/realitatearutiera.ro\/index.php?rest_route=%2Fwp%2Fv2%2Ftags&post=53734"}],"curies":[{"name":"wp","href":"https:\/\/api.w.org\/{rel}","templated":true}]}}