{"id":53740,"date":"2019-08-27T08:35:37","date_gmt":"2019-08-27T05:35:37","guid":{"rendered":"http:\/\/realitatearutiera.ro\/?p=53740"},"modified":"2019-08-27T08:35:44","modified_gmt":"2019-08-27T05:35:44","slug":"doi-tineri-de-16-si-32-de-ani-si-au-pierdut-viata-intr-un-tragic-accident","status":"publish","type":"post","link":"http:\/\/realitatearutiera.ro\/?p=53740","title":{"rendered":"Doi tineri de 16 \u0219i 32 de ani \u0219i-au pierdut via\u021ba \u00eentr-un TRAGIC accident"},"content":{"rendered":"\n<p>Dou\u0103 persoane au murit \u00eentr-un accident de ma\u0219in\u0103 care a avut loc luni \u00een \u0218endreni, jude\u021bul Gala\u021bi.&nbsp;<\/p>\n\n\n\n<p>Victimele erau doi tineri de 16, respectiv 32 de ani. Accidentul s-a petrecut din cauz\u0103 c\u0103 \u0219oferul, unul dintre ei, nu a acordat prioritate unei autobetoniere, care le-a f\u0103cut praf autoturismul \u00een care se aflau.&nbsp;<\/p>\n\n\n\n<p>Al\u021bi doi b\u0103rba\u021bi, care st\u0103teau pe locurile din spate, au fost grav r\u0103ni\u021bi, potrivit&nbsp;<a href=\"https:\/\/www.viata-libera.ro\/prima-pagina\/133009-trafic-blocat-la-sendreni-din-cauza-unui-grav-accident-un-mercedes-a-fost-strivit-de-o-betoniera\" target=\"_blank\" rel=\"noreferrer noopener\">via\u021baliber\u0103<\/a>.&nbsp;<\/p>\n\n\n\n<p>Pentru salvarea acestora a fost necesar\u0103 interven\u021bia unui elicopter SMURD. Poli\u021bi\u0219tii au deschis acum un dosar penal pentru ucidere din culp\u0103 \u0219i v\u0103t\u0103mare corporal\u0103 din culp\u0103.<\/p>\n\n\n\n<p>Video <a href=\"https:\/\/youtu.be\/1Hq5_5wtYcE\">aici<\/a><\/p>\n","protected":false},"excerpt":{"rendered":"<p>Dou\u0103 persoane au murit \u00eentr-un accident de ma\u0219in\u0103 care a avut loc luni \u00een \u0218endreni, jude\u021bul Gala\u021bi.&nbsp; Victimele erau doi<\/p>\n","protected":false},"author":1,"featured_media":53741,"comment_status":"closed","ping_status":"closed","sticky":false,"template":"","format":"standard","meta":{"spay_email":"","footnotes":"","jetpack_publicize_message":""},"categories":[1],"tags":[],"class_list":["post-53740","post","type-post","status-publish","format-standard","has-post-thumbnail","hentry","category-uncategorized"],"jetpack_featured_media_url":"https:\/\/i0.wp.com\/realitatearutiera.ro\/wp-content\/uploads\/2019\/08\/accident-cumplit-in-galati-doi-tineri-de-16-si-32-de-ani-si-au-pierdut-viata-611684.jpg?fit=467%2C263","jetpack_publicize_connections":[],"jetpack_sharing_enabled":true,"jetpack_shortlink":"https:\/\/wp.me\/p61naM-dYM","jetpack-related-posts":[],"_links":{"self":[{"href":"http:\/\/realitatearutiera.ro\/index.php?rest_route=\/wp\/v2\/posts\/53740","targetHints":{"allow":["GET"]}}],"collection":[{"href":"http:\/\/realitatearutiera.ro\/index.php?rest_route=\/wp\/v2\/posts"}],"about":[{"href":"http:\/\/realitatearutiera.ro\/index.php?rest_route=\/wp\/v2\/types\/post"}],"author":[{"embeddable":true,"href":"http:\/\/realitatearutiera.ro\/index.php?rest_route=\/wp\/v2\/users\/1"}],"replies":[{"embeddable":true,"href":"http:\/\/realitatearutiera.ro\/index.php?rest_route=%2Fwp%2Fv2%2Fcomments&post=53740"}],"version-history":[{"count":1,"href":"http:\/\/realitatearutiera.ro\/index.php?rest_route=\/wp\/v2\/posts\/53740\/revisions"}],"predecessor-version":[{"id":53742,"href":"http:\/\/realitatearutiera.ro\/index.php?rest_route=\/wp\/v2\/posts\/53740\/revisions\/53742"}],"wp:featuredmedia":[{"embeddable":true,"href":"http:\/\/realitatearutiera.ro\/index.php?rest_route=\/wp\/v2\/media\/53741"}],"wp:attachment":[{"href":"http:\/\/realitatearutiera.ro\/index.php?rest_route=%2Fwp%2Fv2%2Fmedia&parent=53740"}],"wp:term":[{"taxonomy":"category","embeddable":true,"href":"http:\/\/realitatearutiera.ro\/index.php?rest_route=%2Fwp%2Fv2%2Fcategories&post=53740"},{"taxonomy":"post_tag","embeddable":true,"href":"http:\/\/realitatearutiera.ro\/index.php?rest_route=%2Fwp%2Fv2%2Ftags&post=53740"}],"curies":[{"name":"wp","href":"https:\/\/api.w.org\/{rel}","templated":true}]}}