{"id":57480,"date":"2019-12-04T10:56:42","date_gmt":"2019-12-04T08:56:42","guid":{"rendered":"http:\/\/realitatearutiera.ro\/?p=57480"},"modified":"2019-12-04T10:56:49","modified_gmt":"2019-12-04T08:56:49","slug":"o-soferita-a-accidentat-mortal-un-biciclist-intr-o-localitate-din-olt","status":"publish","type":"post","link":"http:\/\/realitatearutiera.ro\/?p=57480","title":{"rendered":"O \u015foferi\u0163\u0103 a accidentat mortal un biciclist \u00eentr-o localitate din Olt"},"content":{"rendered":"\n<p> Un b\u0103rbat de 56 ani a decedat, miercuri-diminea\u0163\u0103, 4 decembrie 2019, \u00een urma unui accident rutier petrecut pe un drum na\u0163ional, \u00een jude\u0163ul Olt.<\/p>\n\n\n\n<p> B\u0103rbatul de 56 ani, care circula pe DN 64, a fost lovit pe raza localit\u0103\u0163ii Br\u00e2ncoveni de un autoturism condus de o femeie de 46 ani, din Slatina. \u201eDin primele date, se pare c\u0103 accidentul s-ar fi produs pe fondul nep\u0103str\u0103rii unei distan\u0163e corespunz\u0103toare \u00een mers. Astfel, o femeie de 46 de ani, din municipiul Slatina, jude\u0163ul Olt, \u00een timp ce conducea un autoturism pe Drumul Na\u0163ional 64, pe raza localit\u0103\u0163ii Br\u00e2ncoveni, din direc\u0163ia Ganeasa c\u0103tre Caracal, nu ar fi p\u0103strat o distan\u0163\u0103 regulamentara fa\u0163\u0103 de o bicicleta ce circula in fa\u0163a sa, intr\u00e2nd in coliziune cu aceasta. \u00cen urma impactului, biciclistul, un b\u0103rbat de 56 de ani din localitatea Br\u00e2ncoveni, a decedat\u201c, a transmis IPJ Olt. Poli\u0163i\u015ftii au deschis un dosar de cercetare penal\u0103 pentru ucidere din culp\u0103.<\/p>\n\n\n\n<p>sursa: adevarul.ro<\/p>\n","protected":false},"excerpt":{"rendered":"<p>Un b\u0103rbat de 56 ani a decedat, miercuri-diminea\u0163\u0103, 4 decembrie 2019, \u00een urma unui accident rutier petrecut pe un drum<\/p>\n","protected":false},"author":1,"featured_media":57481,"comment_status":"closed","ping_status":"closed","sticky":false,"template":"","format":"standard","meta":{"spay_email":"","footnotes":"","jetpack_publicize_message":""},"categories":[6],"tags":[],"class_list":["post-57480","post","type-post","status-publish","format-standard","has-post-thumbnail","hentry","category-social"],"jetpack_featured_media_url":"https:\/\/i1.wp.com\/realitatearutiera.ro\/wp-content\/uploads\/2019\/12\/biciclist-decedat.jpg?fit=800%2C531","jetpack_publicize_connections":[],"jetpack_sharing_enabled":true,"jetpack_shortlink":"https:\/\/wp.me\/p61naM-eX6","jetpack-related-posts":[],"_links":{"self":[{"href":"http:\/\/realitatearutiera.ro\/index.php?rest_route=\/wp\/v2\/posts\/57480","targetHints":{"allow":["GET"]}}],"collection":[{"href":"http:\/\/realitatearutiera.ro\/index.php?rest_route=\/wp\/v2\/posts"}],"about":[{"href":"http:\/\/realitatearutiera.ro\/index.php?rest_route=\/wp\/v2\/types\/post"}],"author":[{"embeddable":true,"href":"http:\/\/realitatearutiera.ro\/index.php?rest_route=\/wp\/v2\/users\/1"}],"replies":[{"embeddable":true,"href":"http:\/\/realitatearutiera.ro\/index.php?rest_route=%2Fwp%2Fv2%2Fcomments&post=57480"}],"version-history":[{"count":1,"href":"http:\/\/realitatearutiera.ro\/index.php?rest_route=\/wp\/v2\/posts\/57480\/revisions"}],"predecessor-version":[{"id":57482,"href":"http:\/\/realitatearutiera.ro\/index.php?rest_route=\/wp\/v2\/posts\/57480\/revisions\/57482"}],"wp:featuredmedia":[{"embeddable":true,"href":"http:\/\/realitatearutiera.ro\/index.php?rest_route=\/wp\/v2\/media\/57481"}],"wp:attachment":[{"href":"http:\/\/realitatearutiera.ro\/index.php?rest_route=%2Fwp%2Fv2%2Fmedia&parent=57480"}],"wp:term":[{"taxonomy":"category","embeddable":true,"href":"http:\/\/realitatearutiera.ro\/index.php?rest_route=%2Fwp%2Fv2%2Fcategories&post=57480"},{"taxonomy":"post_tag","embeddable":true,"href":"http:\/\/realitatearutiera.ro\/index.php?rest_route=%2Fwp%2Fv2%2Ftags&post=57480"}],"curies":[{"name":"wp","href":"https:\/\/api.w.org\/{rel}","templated":true}]}}