{"id":59403,"date":"2020-01-31T11:28:25","date_gmt":"2020-01-31T09:28:25","guid":{"rendered":"http:\/\/realitatearutiera.ro\/?p=59403"},"modified":"2020-01-31T13:52:51","modified_gmt":"2020-01-31T11:52:51","slug":"a-murit-la-numai-doi-ani-in-urma-coleziunii-dintre-doua-autoturisme","status":"publish","type":"post","link":"http:\/\/realitatearutiera.ro\/?p=59403","title":{"rendered":"A murit la numai doi ani, \u00een urma coliziunii dintre dou\u0103 autoturisme"},"content":{"rendered":"\n<p>Feti\u0163a de doi ani, accidentat\u0103 grav \u00een urma coliziunii dintre dou\u0103 autoturisme, joi seara, pe DN 2, pe raza localit\u0103\u0163ii Coste\u015fti, a murit la un spital din Capital\u0103, a anun\u0163at, vineri, purt\u0103torul de cuv\u00e2nt al Spitalului Jude\u0163ean de Urgen\u0163\u0103 Buz\u0103u, Adriana Bunil\u0103.<\/p>\n\n\n\n<p>Potrivit sursei citate, feti\u0163a a fost intubat\u0103 \u015fi transferat\u0103 la Spitalul Bagdasar-Arseni din Bucure\u015fti, dar din cauza r\u0103nilor a decedat \u00een scurt timp.<\/p>\n\n\n\n<p>&#8220;Celelalte victime ale accidentului sunt internate pe sec\u0163ia Terapie Intensiv\u0103 a Spitalului Jude\u0163ean Buz\u0103u&#8221;, a mai declarat sursa citat\u0103.<\/p>\n\n\n\n<p>Patru persoane au fost r\u0103nite, \u00eentre care \u015fi o feti\u0163\u0103 de doi ani, \u00een urma coliziunii dintre dou\u0103 automobile ce a avut loc, joi seara, pe DN 2, \u00eentre localit\u0103\u0163ile buzoiene Coste\u015fti \u015fi Sp\u0103taru.<\/p>\n\n\n\n<p>Potrivit purt\u0103torului de cuv\u00e2nt al IPJ Buz\u0103u, Ane Marie Vrapciu, din primele date, un autoturism condus de o \u015foferi\u0163\u0103 de 26 de ani din Gher\u0103seni, din direc\u0163ia Bucure\u015fti c\u0103tre Buz\u0103u, la ie\u015fire din localitatea Coste\u015fti, a intrat \u00een coliziune cu autoturismul condus din sens opus de un bucure\u015ftean de 43 de ani.<\/p>\n\n\n\n<p>&#8220;Accidentul s-a soldat cu r\u0103nirea \u015foferi\u0163ei \u015fi a celor doi pasageri, un b\u0103rbat de 28 de ani \u015fi o minor\u0103 de doi ani, dar \u015fi a \u015foferului bucure\u015ftean, to\u0163i fiind transporta\u0163i la spital pentru \u00eengrijiri medicale&#8221;, a declarat sursa citat\u0103.<\/p>\n\n\n\n<p>La r\u00e2ndul s\u0103u, purt\u0103torul de cuv\u00e2nt al Spitalului Jude\u0163ean de Urgen\u0163\u0103 Buz\u0103u, Adriana Bunil\u0103, a declarat c\u0103 &#8220;la UPU au ajuns dou\u0103 persoane grav r\u0103nite, dintre care un copil \u00een v\u00e2rst\u0103 de doi ani, \u00een stare foarte grav\u0103, intubat, \u015fi tat\u0103l acestuia, cu multiple leziuni.<\/p>\n\n\n\n<p>Sursa:antena3<\/p>\n","protected":false},"excerpt":{"rendered":"<p>Feti\u0163a de doi ani, accidentat\u0103 grav \u00een urma coliziunii dintre dou\u0103 autoturisme, joi seara, pe DN 2, pe raza localit\u0103\u0163ii<\/p>\n","protected":false},"author":1,"featured_media":53869,"comment_status":"closed","ping_status":"closed","sticky":false,"template":"","format":"standard","meta":{"spay_email":"","footnotes":"","jetpack_publicize_message":""},"categories":[1],"tags":[],"class_list":["post-59403","post","type-post","status-publish","format-standard","has-post-thumbnail","hentry","category-uncategorized"],"jetpack_featured_media_url":"https:\/\/i2.wp.com\/realitatearutiera.ro\/wp-content\/uploads\/2019\/08\/accident-violent-pe-autostrada-transilvania-18675112.jpg?fit=500%2C281","jetpack_publicize_connections":[],"jetpack_sharing_enabled":true,"jetpack_shortlink":"https:\/\/wp.me\/p61naM-fs7","jetpack-related-posts":[],"_links":{"self":[{"href":"http:\/\/realitatearutiera.ro\/index.php?rest_route=\/wp\/v2\/posts\/59403","targetHints":{"allow":["GET"]}}],"collection":[{"href":"http:\/\/realitatearutiera.ro\/index.php?rest_route=\/wp\/v2\/posts"}],"about":[{"href":"http:\/\/realitatearutiera.ro\/index.php?rest_route=\/wp\/v2\/types\/post"}],"author":[{"embeddable":true,"href":"http:\/\/realitatearutiera.ro\/index.php?rest_route=\/wp\/v2\/users\/1"}],"replies":[{"embeddable":true,"href":"http:\/\/realitatearutiera.ro\/index.php?rest_route=%2Fwp%2Fv2%2Fcomments&post=59403"}],"version-history":[{"count":2,"href":"http:\/\/realitatearutiera.ro\/index.php?rest_route=\/wp\/v2\/posts\/59403\/revisions"}],"predecessor-version":[{"id":59405,"href":"http:\/\/realitatearutiera.ro\/index.php?rest_route=\/wp\/v2\/posts\/59403\/revisions\/59405"}],"wp:featuredmedia":[{"embeddable":true,"href":"http:\/\/realitatearutiera.ro\/index.php?rest_route=\/wp\/v2\/media\/53869"}],"wp:attachment":[{"href":"http:\/\/realitatearutiera.ro\/index.php?rest_route=%2Fwp%2Fv2%2Fmedia&parent=59403"}],"wp:term":[{"taxonomy":"category","embeddable":true,"href":"http:\/\/realitatearutiera.ro\/index.php?rest_route=%2Fwp%2Fv2%2Fcategories&post=59403"},{"taxonomy":"post_tag","embeddable":true,"href":"http:\/\/realitatearutiera.ro\/index.php?rest_route=%2Fwp%2Fv2%2Ftags&post=59403"}],"curies":[{"name":"wp","href":"https:\/\/api.w.org\/{rel}","templated":true}]}}