{"id":61355,"date":"2020-03-19T10:04:03","date_gmt":"2020-03-19T08:04:03","guid":{"rendered":"http:\/\/realitatearutiera.ro\/?p=61355"},"modified":"2020-03-19T10:04:09","modified_gmt":"2020-03-19T08:04:09","slug":"patru-persoane-ranite-intr-un-teribil-accident-pe-e85","status":"publish","type":"post","link":"http:\/\/realitatearutiera.ro\/?p=61355","title":{"rendered":"Patru persoane, r\u0103nite \u00eentr-un teribil accident pe E85"},"content":{"rendered":"\n<p> Accidentul a avut loc joi diminea\u0163\u0103, la ie\u015firea din localitatea vr\u00e2ncean\u0103 Pope\u015fti. \u00cen zon\u0103 traficul este blocat de aproape dou\u0103 ore. <\/p>\n\n\n\n<p> \u00cen cursul dimine\u0163ii de joi, conduc\u0103torul unui\u00a0 autoturism care circula pe sensul de mers Bucure\u015fti- Foc\u015fani, pe fondul neaten\u0163iei \u00een conducere, a p\u0103truns pe sensul opus de mers, unde a intrat \u00een coliziune lateral\u0103 cu un ansamblu de vehicule. <\/p>\n\n\n\n<p>Pentru a evita impcatul, conduc\u0103torul ansamblulului de vehicule a p\u0103truns\u00a0 pe sensul opus de mers, unde a intrat \u00een coliziune frontal\u0103 cu o autoutilitar\u0103.<\/p>\n\n\n\n<p> Din impact, a rezultatul r\u0103nirea grav\u0103 a dou\u0103 persoane din autoutilitar\u0103,\u00a0 precum\u00a0 \u015fi r\u0103nirea u\u015foar\u0103 a altor dou\u0103 persoane,\u00a0 una din ansamblul de vehicule si cealalt\u0103 din autoturism. <\/p>\n\n\n\n<figure class=\"wp-block-image\"><img decoding=\"async\" src=\"https:\/\/i1.wp.com\/adevarul.ro\/assets\/adevarul.ro\/MRImage\/2020\/03\/19\/5e731ca25163ec427107d107\/646x404.jpg?w=800&#038;ssl=1\" alt=\"\" data-recalc-dims=\"1\"\/><\/figure>\n\n\n\n<p>&#8220;\u00cen urma impactului dintre trei autovehicule (un tir, o autoutilitar\u0103 \u015fi un autoturism) au rezultat patru victime, dintre care dou\u0103 r\u0103mase \u00eencarcerate. Echipajul de descarcerare a\u00a0 ac\u0163ionat pentru extragerea celor dou\u0103\u00a0 victime. Paramedicii au acordat primul ajutor calificat uneia dintre victimele extrase, de sex masculin, \u00een v\u00e2rst\u0103 de 26 de ani, care prezenta politraumatisme.<\/p>\n\n\n\n<p> Pacientul, aflat \u00een stare con\u015ftient\u0103, a fost transportat ulterior cu ambulan\u0163a SMURD la UPU Foc\u015fani.\u00a0 Celorlalte trei victime, li s-a acordat asisten\u0163\u0103 de specialitate \u015fi au fost preluate de echipajele\u00a0 SAJ aflate la fa\u0163a locului&#8221;, anun\u0163\u0103 ISU Vrancea.<\/p>\n\n\n\n<p> &#8220;Cercet\u0103rile continu\u0103 pentru stabilirea cu exactitate a tuturor \u00eemprejur\u0103rilor \u00een care s-a produs evenimentul. Poli\u0163i\u015ftii rutieri ac\u0163ioneaz\u0103 \u00een acest moment pentru eliberarea p\u0103r\u0163ii carosabile \u015fi reluarea traficului \u00een zon\u0103&#8221;, potrivit IPJ Vrancea.<\/p>\n\n\n\n<figure class=\"wp-block-image\"><img decoding=\"async\" src=\"https:\/\/i1.wp.com\/adevarul.ro\/assets\/adevarul.ro\/MRImage\/2020\/03\/19\/5e731ca25163ec427107d107\/646x404.jpg?w=800&#038;ssl=1\" alt=\"\" data-recalc-dims=\"1\"\/><\/figure>\n\n\n\n<p>|Video <a href=\"https:\/\/youtu.be\/sk4RKjL_4nE\">aici<\/a><\/p>\n","protected":false},"excerpt":{"rendered":"<p>Accidentul a avut loc joi diminea\u0163\u0103, la ie\u015firea din localitatea vr\u00e2ncean\u0103 Pope\u015fti. \u00cen zon\u0103 traficul este blocat de aproape dou\u0103<\/p>\n","protected":false},"author":1,"featured_media":57968,"comment_status":"closed","ping_status":"closed","sticky":false,"template":"","format":"standard","meta":{"spay_email":"","footnotes":"","jetpack_publicize_message":""},"categories":[1],"tags":[],"class_list":["post-61355","post","type-post","status-publish","format-standard","has-post-thumbnail","hentry","category-uncategorized"],"jetpack_featured_media_url":"https:\/\/i2.wp.com\/realitatearutiera.ro\/wp-content\/uploads\/2019\/12\/accident.jpg?fit=620%2C377","jetpack_publicize_connections":[],"jetpack_sharing_enabled":true,"jetpack_shortlink":"https:\/\/wp.me\/p61naM-fXB","jetpack-related-posts":[],"_links":{"self":[{"href":"http:\/\/realitatearutiera.ro\/index.php?rest_route=\/wp\/v2\/posts\/61355","targetHints":{"allow":["GET"]}}],"collection":[{"href":"http:\/\/realitatearutiera.ro\/index.php?rest_route=\/wp\/v2\/posts"}],"about":[{"href":"http:\/\/realitatearutiera.ro\/index.php?rest_route=\/wp\/v2\/types\/post"}],"author":[{"embeddable":true,"href":"http:\/\/realitatearutiera.ro\/index.php?rest_route=\/wp\/v2\/users\/1"}],"replies":[{"embeddable":true,"href":"http:\/\/realitatearutiera.ro\/index.php?rest_route=%2Fwp%2Fv2%2Fcomments&post=61355"}],"version-history":[{"count":1,"href":"http:\/\/realitatearutiera.ro\/index.php?rest_route=\/wp\/v2\/posts\/61355\/revisions"}],"predecessor-version":[{"id":61356,"href":"http:\/\/realitatearutiera.ro\/index.php?rest_route=\/wp\/v2\/posts\/61355\/revisions\/61356"}],"wp:featuredmedia":[{"embeddable":true,"href":"http:\/\/realitatearutiera.ro\/index.php?rest_route=\/wp\/v2\/media\/57968"}],"wp:attachment":[{"href":"http:\/\/realitatearutiera.ro\/index.php?rest_route=%2Fwp%2Fv2%2Fmedia&parent=61355"}],"wp:term":[{"taxonomy":"category","embeddable":true,"href":"http:\/\/realitatearutiera.ro\/index.php?rest_route=%2Fwp%2Fv2%2Fcategories&post=61355"},{"taxonomy":"post_tag","embeddable":true,"href":"http:\/\/realitatearutiera.ro\/index.php?rest_route=%2Fwp%2Fv2%2Ftags&post=61355"}],"curies":[{"name":"wp","href":"https:\/\/api.w.org\/{rel}","templated":true}]}}