{"id":61366,"date":"2020-03-20T08:42:35","date_gmt":"2020-03-20T06:42:35","guid":{"rendered":"http:\/\/realitatearutiera.ro\/?p=61366"},"modified":"2020-03-20T08:42:41","modified_gmt":"2020-03-20T06:42:41","slug":"serbia-isi-inchide-granitele-si-pentru-propriii-cetateni-incepand-de-vineri-dimineata","status":"publish","type":"post","link":"http:\/\/realitatearutiera.ro\/?p=61366","title":{"rendered":"Serbia \u00ee\u0219i \u00eenchide grani\u021bele \u0219i pentru propriii cet\u0103\u021beni, \u00eencep\u00e2nd de vineri diminea\u021b\u0103"},"content":{"rendered":"\n<p>Serbia ia o m\u0103sur\u0103 drastic\u0103: \u00eenchide grani\u021ba pentru cet\u0103\u021benii s\u00e2rbi din diaspor\u0103 care vor s\u0103 se \u00eentoarc\u0103.Asculta articol!<\/p>\n\n\n\n<p>\u201c\u00cencep\u00e2nd de vineri diminea\u0163a, de la ora 8.00, toate intr\u0103rile \u00een Serbia vor fi \u00eenchise, fie c\u0103 vorbim de cei care vin cu ma\u015finile, cu trenul sau pe ap\u0103. A\u015fadar, de vineri, \u00een afar\u0103 de camioanele cu marf\u0103, nimeni nu poate intra pe teritoriul Serbiei\u201d, a anun\u0163at Alxandar Vucici, pre\u0219edintele Serbiei.<\/p>\n\n\n\n<p>\u201cAm trecut de cifra 100! Avem \u00een fa\u0163\u0103 obliga\u0163ia ca num\u0103rul celor infecta\u0163i cu coronavirus s\u0103 creasc\u0103. Vreau s\u0103 lini\u015ftesc popula\u0163ia, nu vom avea probleme cu alimentele de baz\u0103, nici cu combustibilii. S\u0103t\u0103m\u00e2na viitoare primim m\u0103\u015ftile pentru toat\u0103 popula\u0163ia\u201d, a mai spus Vucici.<br><br>Serbia a suspendat \u00eencep\u00e2nd de joi toate cursele aeriene de pasageri de pe aeroportul din Belgrad, ca urmare a instituirii st\u0103rii de urgen\u0163\u0103 pentru combaterea coronavirusului, transmite agen\u0163ia Reuters.<br><br>Aeroportul Nikola Tesla din Belgrad, de\u0163inut de compania francez\u0103 Vinci, va r\u0103m\u00e2ne deschis doar pentru zboruri umanitare \u015fi pentru cursele aeriene cu statut special. Traficul de pe cel\u0103lalt aeroport interna\u0163ional al Serbiei, Nis, situat \u00een sudul \u0163\u0103rii, fusese deja sistat.<\/p>\n\n\n\n<p>Ultima dat\u0103 c\u00e2nd Serbia a \u00eenchis traficul aerian a fost \u00een timpul campaniei de bombardamente a NATO din 1999.<\/p>\n\n\n\n<p>Reuters mai scrie c\u0103 armata s\u00e2rb\u0103 a fost desf\u0103\u015furat\u0103 miercuri la grani\u0163e, conform st\u0103rii de urgen\u0163\u0103 decretate duminic\u0103.<\/p>\n\n\n\n<p>Printre m\u0103surile de combaterea a r\u0103sp\u00e2ndirii coronavirusului, guvernul s\u00e2rb a interzis accesul cet\u0103\u0163enilor str\u0103ini \u00een \u0163ar\u0103, a am\u00e2nat alegerile legislative din luna aprilie, a \u00eenchis institu\u0163iile de \u00eenv\u0103\u0163\u0103m\u00e2nt, le-a cerut persoanelor \u00een v\u00e2rst\u0103 s\u0103 r\u0103m\u00e2n\u0103 \u00een case \u015fi a instituit restric\u0163ii de circula\u0163ie pe timpul nop\u0163ii.<\/p>\n\n\n\n<p>Pre\u015fedintele s\u00e2rb Aleksandar Vucic a mul\u0163umit mar\u0163i Chinei pentru ajutorul s\u0103u \u00een lupta \u00eempotriva noului coronavirus, acuz\u00e2nd Uniunea European\u0103 c\u0103 i-a abandonat \u0163ara priv\u00e2nd-o de echipamente de protec\u0163ie. <\/p>\n\n\n\n<p>Sursa:<\/p>\n","protected":false},"excerpt":{"rendered":"<p>Serbia ia o m\u0103sur\u0103 drastic\u0103: \u00eenchide grani\u021ba pentru cet\u0103\u021benii s\u00e2rbi din diaspor\u0103 care vor s\u0103 se \u00eentoarc\u0103.Asculta articol! \u201c\u00cencep\u00e2nd de<\/p>\n","protected":false},"author":1,"featured_media":61367,"comment_status":"closed","ping_status":"closed","sticky":false,"template":"","format":"standard","meta":{"spay_email":"","footnotes":"","jetpack_publicize_message":""},"categories":[12],"tags":[],"class_list":["post-61366","post","type-post","status-publish","format-standard","has-post-thumbnail","hentry","category-stiri-internationale"],"jetpack_featured_media_url":"https:\/\/i1.wp.com\/realitatearutiera.ro\/wp-content\/uploads\/2020\/03\/covid-1_ab5d28a70d.jpg?fit=728%2C410","jetpack_publicize_connections":[],"jetpack_sharing_enabled":true,"jetpack_shortlink":"https:\/\/wp.me\/p61naM-fXM","jetpack-related-posts":[],"_links":{"self":[{"href":"http:\/\/realitatearutiera.ro\/index.php?rest_route=\/wp\/v2\/posts\/61366","targetHints":{"allow":["GET"]}}],"collection":[{"href":"http:\/\/realitatearutiera.ro\/index.php?rest_route=\/wp\/v2\/posts"}],"about":[{"href":"http:\/\/realitatearutiera.ro\/index.php?rest_route=\/wp\/v2\/types\/post"}],"author":[{"embeddable":true,"href":"http:\/\/realitatearutiera.ro\/index.php?rest_route=\/wp\/v2\/users\/1"}],"replies":[{"embeddable":true,"href":"http:\/\/realitatearutiera.ro\/index.php?rest_route=%2Fwp%2Fv2%2Fcomments&post=61366"}],"version-history":[{"count":1,"href":"http:\/\/realitatearutiera.ro\/index.php?rest_route=\/wp\/v2\/posts\/61366\/revisions"}],"predecessor-version":[{"id":61368,"href":"http:\/\/realitatearutiera.ro\/index.php?rest_route=\/wp\/v2\/posts\/61366\/revisions\/61368"}],"wp:featuredmedia":[{"embeddable":true,"href":"http:\/\/realitatearutiera.ro\/index.php?rest_route=\/wp\/v2\/media\/61367"}],"wp:attachment":[{"href":"http:\/\/realitatearutiera.ro\/index.php?rest_route=%2Fwp%2Fv2%2Fmedia&parent=61366"}],"wp:term":[{"taxonomy":"category","embeddable":true,"href":"http:\/\/realitatearutiera.ro\/index.php?rest_route=%2Fwp%2Fv2%2Fcategories&post=61366"},{"taxonomy":"post_tag","embeddable":true,"href":"http:\/\/realitatearutiera.ro\/index.php?rest_route=%2Fwp%2Fv2%2Ftags&post=61366"}],"curies":[{"name":"wp","href":"https:\/\/api.w.org\/{rel}","templated":true}]}}