{"id":62007,"date":"2020-04-03T12:37:26","date_gmt":"2020-04-03T09:37:26","guid":{"rendered":"http:\/\/realitatearutiera.ro\/?p=62007"},"modified":"2020-04-03T12:37:29","modified_gmt":"2020-04-03T09:37:29","slug":"oamenii-l-au-crezut-nebun-insa-a-reusit-sa-protejeze-un-intreg-orasel-de-pandemia-coronavirusului","status":"publish","type":"post","link":"http:\/\/realitatearutiera.ro\/?p=62007","title":{"rendered":"Oamenii l-au crezut nebun, \u00eens\u0103 a reu\u0219it s\u0103 protejeze un \u00eentreg or\u0103\u0219el de pandemia coronavirusului"},"content":{"rendered":"\n<p>A preveni este mai bine dec\u00e2t a trata. Flavio Cera, primarul unui mic or\u0103\u0219el de 2800 de locuitori, situat pe v\u00e2rful unui deal din regiunea Lazio, nu departe de Roma, al c\u0103rui nume este un amestec benefic \u00eentre cuvintele \u201efrumos\u201d \u0219i \u201evesel\u201d, Bellegra, \u0219tie bine acest lucru.<\/p>\n\n\n\n<p><strong>&nbsp;<\/strong><strong>Zero cazuri<\/strong><\/p>\n\n\n\n<p>Vizionar, pe 3 martie primarul a decis s\u0103 \u00eenchid\u0103 ora\u0219ul, anticip\u00e2nd dinainte ce se va \u00eent\u00e2mpla \u00een scurt timp \u00een Italia, iar faptele i-au dat dreptate: Bellegra este printre pu\u021binele localit\u0103\u0163i italiene \u00een care nu s-au confirmat cazuri de COVID 19. Zero. \u201eNici unul \u0219i sper\u0103m c\u0103 sf\u00e2ntul nostru patron, San Sisto, ne va proteja \u00een continuare\u201d, declar\u0103 primul cet\u0103\u021bean care a amestecat sacrul cu profanul. \u201eAm pus fa\u015fa tricolor\u0103 la picioarele sf\u00e2ntului. O voi lua \u00eenapoi c\u00e2nd se va termina epidemia\u201d.&nbsp;<\/p>\n\n\n\n<p><strong>\u201eEsti nebun \u2026 \u201e<\/strong><\/p>\n\n\n\n<p>Olevano Romano, Affile, Subiaco, Rocca Santo Stefano, Genazzano, sunt numele localit\u0103\u021bilor apropiate de \u201eepicentrul\u201d Bellegra \u0219i fiecare dintre ele prezint\u0103 mai multe cazuri de coronavirus \u00een r\u00e2ndul locuitorilor. Pare c\u0103 Cera a avut dreptate c\u00e2nd s-a opus hot\u0103r\u00e2rilor luate de primarii din ora\u015fele vecine care se distrau pe seama lui. \u201eM\u0103 sunau s\u0103 m\u0103 \u00eentrebe ce fac, unii erau ironici \u015fi-mi spuneau: ai \u00eennebunit\u201d, le-a povestit primarul jurnali\u015ftilor de la Il Mesaggero.<\/p>\n\n\n\n<p>\u201eSecretul\u201d ora\u015fului Bellegra \u0219i deciziile primarului s\u0103u au origini nordice, fiind rezultatul sfaturilor pe care i le-au dat colegii s\u0103i de la Bergamo \u0219i Brescia. Flavio Cera a profitat de toate aceste sfaturi, aplic\u00e2ndu-le \u00een or\u0103\u015felul s\u0103u. \u201eLe-am apreciat cuvintele. Fac parte din Uncem, Uniunea Na\u021bional\u0103 a Municipiilor, Comunit\u0103\u021bilor \u0219i am o rela\u021bie str\u00e2ns\u0103 de colaborare cu mul\u021bi primari\u201d.<\/p>\n\n\n\n<p><strong>Planul de ac\u021biune<\/strong><\/p>\n\n\n\n<p>A\u0219a se face c\u0103, \u00eencep\u00e2nd de mar\u021bi, 3 martie, cu o lun\u0103 \u00een urm\u0103, via\u0163a oamenilor din Bellegra s-a schimbat radical: au \u00eenceput s\u0103 fie monitorizate mi\u0219c\u0103rile popula\u021biei, a fost preg\u0103tit un plan pentru persoanele \u00een v\u00e2rst\u0103 \u0219i au fost alerta\u0163i medicii de familie \u0219i voluntarii. \u201eCel mai important a fost s\u0103 limit\u0103m c\u00e2t mai mult locurile de \u00eent\u00e2lnire \u2013 spune primarul \u2013 Apoi am continuat s\u0103 igieniz\u0103m periodic totul\u201d.<\/p>\n\n\n\n<p>Oamenii au fost invita\u021bi s\u0103 stea acas\u0103, s\u0103 evite aglomera\u021biile din supermarketuri, cozile la b\u0103nci sau la oficiul po\u0219tal. \u00centr-un or\u0103\u015fel at\u00e2t de mic, unde toat\u0103 lumea se cunoa\u0219te, cea mai mare dificultate a fost aceea de a men\u021bine distan\u021barea tuturor. \u00centr-o a doua faz\u0103, persoanelor \u00een v\u00e2rst\u0103 li s-au livrat alimente la domiciliu, iar medicii de familie l\u0103sau re\u021beta \u00eentr-un fel de cutie de scrisori. \u00cen acel moment, protec\u021bia civil\u0103 sau al\u021bi voluntari cump\u0103rau produsele din farmacie \u015fi le l\u0103sau \u00een fa\u021ba caselor.<\/p>\n\n\n\n<p><strong>M\u0103\u0219tile, un dar \u201ede sus\u201d<\/strong><\/p>\n\n\n\n<p>Totul a fost perfect, \u00eens\u0103 la un moment dat, Bellegra a trebuit s\u0103 fac\u0103 fa\u021b\u0103 unei probleme spinoase: lipsa m\u0103\u0219tilor. Cu toate acestea, pare c\u0103, \u00eentr-adev\u0103r, ora\u0219ul s-a n\u0103scut sub o stea norocoas\u0103 \u0219i un monsenior din Vatican, Don Americo Ciani, originar din acele p\u0103r\u021bi, a oferit ora\u015fului o cantitate mare de p\u00e2nz\u0103 potrivit\u0103 pentru confec\u0163ionarea acestora, sarcin\u0103 care a revenit tuturor femeilor din ora\u015f care aveau o ma\u015fin\u0103 de cusut.<\/p>\n\n\n\n<p>Primele 500 de m\u0103\u0219ti au fost distribuite v\u00e2rstnicilor \u0219i persoanelor mai vulnerabile, apoi voluntarilor. Ritmul de produc\u021bie este continuu \u0219i un alt stoc este aproape gata. \u201eLe d\u0103m celor care au nevoie de ele\u201d. \u00cen ora\u015ful \u00een care totul este perfect, \u00eencep\u00e2nd de joi, vor fi disponibile \u015fi tichetele de cump\u0103r\u0103turi. \u201eCerul \u00eei ajut\u0103 pe oamenii veseli \u201d, spune proverbul. Sau poate ajut\u0103 Bellegra \u2026?<\/p>\n\n\n\n<p><em>Sursa:\u00a0<a rel=\"noreferrer noopener\" href=\"https:\/\/www.ilgiornale.it\/news\/cronache\/ecco-paese-senza-covid-sindaco-mi-prendevano-pazzo-1849091.html\" target=\"_blank\">Il Giornale<\/a>\u00a0\/ Articol de Alessandro Ferro \/\u00a0Traducerea C\u0103t\u0103lina P\u0103unel<\/em>, sursa: go4media.ro<\/p>\n\n\n\n<p><em>Foto: Or\u0103\u0219elul italian Bellegra \/ Sursa: Facebook<\/em><\/p>\n","protected":false},"excerpt":{"rendered":"<p>A preveni este mai bine dec\u00e2t a trata. Flavio Cera, primarul unui mic or\u0103\u0219el de 2800 de locuitori, situat pe<\/p>\n","protected":false},"author":1,"featured_media":62008,"comment_status":"closed","ping_status":"closed","sticky":false,"template":"","format":"standard","meta":{"spay_email":"","footnotes":"","jetpack_publicize_message":""},"categories":[12],"tags":[],"class_list":["post-62007","post","type-post","status-publish","format-standard","has-post-thumbnail","hentry","category-stiri-internationale"],"jetpack_featured_media_url":"https:\/\/i2.wp.com\/realitatearutiera.ro\/wp-content\/uploads\/2020\/04\/1200px-Claudius_Ziehr_Bellegra_001.jpg?fit=1200%2C900","jetpack_publicize_connections":[],"jetpack_sharing_enabled":true,"jetpack_shortlink":"https:\/\/wp.me\/p61naM-g87","jetpack-related-posts":[],"_links":{"self":[{"href":"http:\/\/realitatearutiera.ro\/index.php?rest_route=\/wp\/v2\/posts\/62007","targetHints":{"allow":["GET"]}}],"collection":[{"href":"http:\/\/realitatearutiera.ro\/index.php?rest_route=\/wp\/v2\/posts"}],"about":[{"href":"http:\/\/realitatearutiera.ro\/index.php?rest_route=\/wp\/v2\/types\/post"}],"author":[{"embeddable":true,"href":"http:\/\/realitatearutiera.ro\/index.php?rest_route=\/wp\/v2\/users\/1"}],"replies":[{"embeddable":true,"href":"http:\/\/realitatearutiera.ro\/index.php?rest_route=%2Fwp%2Fv2%2Fcomments&post=62007"}],"version-history":[{"count":1,"href":"http:\/\/realitatearutiera.ro\/index.php?rest_route=\/wp\/v2\/posts\/62007\/revisions"}],"predecessor-version":[{"id":62009,"href":"http:\/\/realitatearutiera.ro\/index.php?rest_route=\/wp\/v2\/posts\/62007\/revisions\/62009"}],"wp:featuredmedia":[{"embeddable":true,"href":"http:\/\/realitatearutiera.ro\/index.php?rest_route=\/wp\/v2\/media\/62008"}],"wp:attachment":[{"href":"http:\/\/realitatearutiera.ro\/index.php?rest_route=%2Fwp%2Fv2%2Fmedia&parent=62007"}],"wp:term":[{"taxonomy":"category","embeddable":true,"href":"http:\/\/realitatearutiera.ro\/index.php?rest_route=%2Fwp%2Fv2%2Fcategories&post=62007"},{"taxonomy":"post_tag","embeddable":true,"href":"http:\/\/realitatearutiera.ro\/index.php?rest_route=%2Fwp%2Fv2%2Ftags&post=62007"}],"curies":[{"name":"wp","href":"https:\/\/api.w.org\/{rel}","templated":true}]}}