{"id":62896,"date":"2020-04-24T10:04:09","date_gmt":"2020-04-24T07:04:09","guid":{"rendered":"http:\/\/realitatearutiera.ro\/?p=62896"},"modified":"2020-04-24T10:04:12","modified_gmt":"2020-04-24T07:04:12","slug":"judetul-sibiu-trafic-restrictionat-pentru-efectuarea-de-lucrari-pe-autostrada-a1-sibiu-deva-3","status":"publish","type":"post","link":"http:\/\/realitatearutiera.ro\/?p=62896","title":{"rendered":"JUDE\u021aUL SIBIU: TRAFIC RESTRIC\u0162IONAT PENTRU EFECTUAREA DE LUCR\u0102RI PE AUTOSTRADA A1 SIBIU-DEVA"},"content":{"rendered":"\n<p><strong>Centrul INFOTRAFIC din Inspectoratul General al Poli\u0163iei Rom\u00e2ne&nbsp;<\/strong>informeaz\u0103 c\u0103 ast\u0103zi, \u00een intervalul orar 09:00 \u2013 15:00, pe sensul c\u0103tre Sibiu al autostr\u0103zii A1 Sibiu &#8211; Deva, \u00eentre kilometrii 241 &#8211; 240, \u00een zona municipiului Sibiu, jude\u021bul Sibiu, traficul rutier este restric\u021bionat pe banda II, pentru efectuarea unor lucr\u0103ri de repara\u021bii la partea carosabil\u0103.<\/p>\n\n\n\n<p><strong><em>Conduc\u0103torii auto sunt sf\u0103tui\u0163i s\u0103 reduc\u0103 viteza \u00een zona lucr\u0103rilor \u015fi s\u0103 semnalizeze orice inten\u0163ie de schimbare a benzii de circula\u0163ie.<\/em><\/strong><\/p>\n\n\n\n<p>Sursa:poli\u021biaromana<\/p>\n","protected":false},"excerpt":{"rendered":"<p>Centrul INFOTRAFIC din Inspectoratul General al Poli\u0163iei Rom\u00e2ne&nbsp;informeaz\u0103 c\u0103 ast\u0103zi, \u00een intervalul orar 09:00 \u2013 15:00, pe sensul c\u0103tre Sibiu<\/p>\n","protected":false},"author":1,"featured_media":49802,"comment_status":"closed","ping_status":"closed","sticky":false,"template":"","format":"standard","meta":{"spay_email":"","footnotes":"","jetpack_publicize_message":""},"categories":[54],"tags":[],"class_list":["post-62896","post","type-post","status-publish","format-standard","has-post-thumbnail","hentry","category-informatii-rutiere"],"jetpack_featured_media_url":"https:\/\/i0.wp.com\/realitatearutiera.ro\/wp-content\/uploads\/2019\/05\/infotrafic.jpg?fit=580%2C332","jetpack_publicize_connections":[],"jetpack_sharing_enabled":true,"jetpack_shortlink":"https:\/\/wp.me\/p61naM-gms","jetpack-related-posts":[],"_links":{"self":[{"href":"http:\/\/realitatearutiera.ro\/index.php?rest_route=\/wp\/v2\/posts\/62896","targetHints":{"allow":["GET"]}}],"collection":[{"href":"http:\/\/realitatearutiera.ro\/index.php?rest_route=\/wp\/v2\/posts"}],"about":[{"href":"http:\/\/realitatearutiera.ro\/index.php?rest_route=\/wp\/v2\/types\/post"}],"author":[{"embeddable":true,"href":"http:\/\/realitatearutiera.ro\/index.php?rest_route=\/wp\/v2\/users\/1"}],"replies":[{"embeddable":true,"href":"http:\/\/realitatearutiera.ro\/index.php?rest_route=%2Fwp%2Fv2%2Fcomments&post=62896"}],"version-history":[{"count":1,"href":"http:\/\/realitatearutiera.ro\/index.php?rest_route=\/wp\/v2\/posts\/62896\/revisions"}],"predecessor-version":[{"id":62897,"href":"http:\/\/realitatearutiera.ro\/index.php?rest_route=\/wp\/v2\/posts\/62896\/revisions\/62897"}],"wp:featuredmedia":[{"embeddable":true,"href":"http:\/\/realitatearutiera.ro\/index.php?rest_route=\/wp\/v2\/media\/49802"}],"wp:attachment":[{"href":"http:\/\/realitatearutiera.ro\/index.php?rest_route=%2Fwp%2Fv2%2Fmedia&parent=62896"}],"wp:term":[{"taxonomy":"category","embeddable":true,"href":"http:\/\/realitatearutiera.ro\/index.php?rest_route=%2Fwp%2Fv2%2Fcategories&post=62896"},{"taxonomy":"post_tag","embeddable":true,"href":"http:\/\/realitatearutiera.ro\/index.php?rest_route=%2Fwp%2Fv2%2Ftags&post=62896"}],"curies":[{"name":"wp","href":"https:\/\/api.w.org\/{rel}","templated":true}]}}