{"id":6471,"date":"2016-01-11T09:59:15","date_gmt":"2016-01-11T06:59:15","guid":{"rendered":"http:\/\/realitatearutiera.ro\/?p=6471"},"modified":"2016-01-11T09:59:15","modified_gmt":"2016-01-11T06:59:15","slug":"o-noua-lege-a-fost-promulgata-vezi-legea","status":"publish","type":"post","link":"http:\/\/realitatearutiera.ro\/?p=6471","title":{"rendered":"O NOUA LEGE A FOST PROMULGATA !! Vezi legea !!"},"content":{"rendered":"<p><strong><span style=\"font-family: Arial; font-size: small;\">Pre\u015fedintele Klaus Iohannis a promulgat, s\u00e2mb\u0103t\u0103, legea ini\u0163iat\u0103 de 50 de parlamentari PNL prin care defri\u015f\u0103rile ilegale de p\u0103duri pe suprafe\u0163e mai mari de un hectar sunt considerate printre vulnerabilit\u0103\u0163ile la adresa siguran\u0163ei na\u0163ionale.<\/span><\/strong><\/p>\n<p>Potrivit proiectului, defri\u015f\u0103rile ilegale pe suprafe\u0163e mai mari de un hectar, reducerea f\u0103r\u0103 aprob\u0103ri legale a consisten\u0163ei unui arboret cu mai mult de 50% fa\u0163\u0103 de prevederile amenajamentului silvic, exploatarea f\u0103r\u0103 amenajament silvic a p\u0103durilor vor fi \u00eencadrate la vulnerabilit\u0103\u0163i la adresa siguran\u0163ei na\u0163ionale.<\/p>\n<p>Proiectul a fost adoptat tacit de Camera Deputa\u0163ilor, deoarece termenul limit\u0103 de dezbatere, 29 septembrie, a fost dep\u0103\u015fit, iar ulterior, \u00een luna decembrie, a trecut de votul Senatului, \u00een calitate de for decizional.<\/p>\n<p>Ini\u0163iativa legislativ\u0103 a fost semnat\u0103 de 50 de parlamentari PNL.<\/p>\n<p>Sursa : mediafax<\/p>\n","protected":false},"excerpt":{"rendered":"<p>Pre\u015fedintele Klaus Iohannis a promulgat, s\u00e2mb\u0103t\u0103, legea ini\u0163iat\u0103 de 50 de parlamentari PNL prin care defri\u015f\u0103rile ilegale de p\u0103duri pe<\/p>\n","protected":false},"author":1,"featured_media":6472,"comment_status":"open","ping_status":"open","sticky":false,"template":"","format":"standard","meta":{"spay_email":"","footnotes":"","jetpack_publicize_message":""},"categories":[11],"tags":[],"class_list":["post-6471","post","type-post","status-publish","format-standard","has-post-thumbnail","hentry","category-stiri-interne"],"jetpack_featured_media_url":"https:\/\/i2.wp.com\/realitatearutiera.ro\/wp-content\/uploads\/2016\/01\/guvernul-romaniei.jpg?fit=3888%2C2592","jetpack_publicize_connections":[],"jetpack_sharing_enabled":true,"jetpack_shortlink":"https:\/\/wp.me\/p61naM-1Gn","jetpack-related-posts":[],"_links":{"self":[{"href":"http:\/\/realitatearutiera.ro\/index.php?rest_route=\/wp\/v2\/posts\/6471","targetHints":{"allow":["GET"]}}],"collection":[{"href":"http:\/\/realitatearutiera.ro\/index.php?rest_route=\/wp\/v2\/posts"}],"about":[{"href":"http:\/\/realitatearutiera.ro\/index.php?rest_route=\/wp\/v2\/types\/post"}],"author":[{"embeddable":true,"href":"http:\/\/realitatearutiera.ro\/index.php?rest_route=\/wp\/v2\/users\/1"}],"replies":[{"embeddable":true,"href":"http:\/\/realitatearutiera.ro\/index.php?rest_route=%2Fwp%2Fv2%2Fcomments&post=6471"}],"version-history":[{"count":1,"href":"http:\/\/realitatearutiera.ro\/index.php?rest_route=\/wp\/v2\/posts\/6471\/revisions"}],"predecessor-version":[{"id":6473,"href":"http:\/\/realitatearutiera.ro\/index.php?rest_route=\/wp\/v2\/posts\/6471\/revisions\/6473"}],"wp:featuredmedia":[{"embeddable":true,"href":"http:\/\/realitatearutiera.ro\/index.php?rest_route=\/wp\/v2\/media\/6472"}],"wp:attachment":[{"href":"http:\/\/realitatearutiera.ro\/index.php?rest_route=%2Fwp%2Fv2%2Fmedia&parent=6471"}],"wp:term":[{"taxonomy":"category","embeddable":true,"href":"http:\/\/realitatearutiera.ro\/index.php?rest_route=%2Fwp%2Fv2%2Fcategories&post=6471"},{"taxonomy":"post_tag","embeddable":true,"href":"http:\/\/realitatearutiera.ro\/index.php?rest_route=%2Fwp%2Fv2%2Ftags&post=6471"}],"curies":[{"name":"wp","href":"https:\/\/api.w.org\/{rel}","templated":true}]}}