{"id":65812,"date":"2020-07-01T08:37:42","date_gmt":"2020-07-01T05:37:42","guid":{"rendered":"http:\/\/realitatearutiera.ro\/?p=65812"},"modified":"2020-07-01T08:37:45","modified_gmt":"2020-07-01T05:37:45","slug":"judetul-cluj-circulatie-oprita-pe-dn1e","status":"publish","type":"post","link":"http:\/\/realitatearutiera.ro\/?p=65812","title":{"rendered":"JUDE\u021aUL CLUJ: CIRCULA\u021aIE OPRIT\u0102 PE DN1E"},"content":{"rendered":"\n<p><strong>Centrul INFOTRAFIC din Inspectoratul General al Poli\u021biei Rom\u00e2ne&nbsp;<\/strong>informeaz\u0103 c\u0103 traficul este \u00eentrerupt pe DN1E &nbsp;centura rutier\u0103 V\u00e2lcele &#8211; Apahida, jude\u021bul Cluj, din cauza unui accident rutier \u00een care au fost implicate un autoturism \u0219i un autotren.<\/p>\n\n\n\n<p>Se estimeaz\u0103 ca circula\u021bia s\u0103 se reia, \u00een aproximativ 45-60 de minute.<\/p>\n","protected":false},"excerpt":{"rendered":"<p>Centrul INFOTRAFIC din Inspectoratul General al Poli\u021biei Rom\u00e2ne&nbsp;informeaz\u0103 c\u0103 traficul este \u00eentrerupt pe DN1E &nbsp;centura rutier\u0103 V\u00e2lcele &#8211; Apahida, jude\u021bul<\/p>\n","protected":false},"author":1,"featured_media":48979,"comment_status":"closed","ping_status":"closed","sticky":false,"template":"","format":"standard","meta":{"spay_email":"","footnotes":"","jetpack_publicize_message":""},"categories":[54],"tags":[],"class_list":["post-65812","post","type-post","status-publish","format-standard","has-post-thumbnail","hentry","category-informatii-rutiere"],"jetpack_featured_media_url":"https:\/\/i0.wp.com\/realitatearutiera.ro\/wp-content\/uploads\/2019\/04\/accident-2-465x390.jpg?fit=605%2C350","jetpack_publicize_connections":[],"jetpack_sharing_enabled":true,"jetpack_shortlink":"https:\/\/wp.me\/p61naM-h7u","jetpack-related-posts":[],"_links":{"self":[{"href":"http:\/\/realitatearutiera.ro\/index.php?rest_route=\/wp\/v2\/posts\/65812","targetHints":{"allow":["GET"]}}],"collection":[{"href":"http:\/\/realitatearutiera.ro\/index.php?rest_route=\/wp\/v2\/posts"}],"about":[{"href":"http:\/\/realitatearutiera.ro\/index.php?rest_route=\/wp\/v2\/types\/post"}],"author":[{"embeddable":true,"href":"http:\/\/realitatearutiera.ro\/index.php?rest_route=\/wp\/v2\/users\/1"}],"replies":[{"embeddable":true,"href":"http:\/\/realitatearutiera.ro\/index.php?rest_route=%2Fwp%2Fv2%2Fcomments&post=65812"}],"version-history":[{"count":1,"href":"http:\/\/realitatearutiera.ro\/index.php?rest_route=\/wp\/v2\/posts\/65812\/revisions"}],"predecessor-version":[{"id":65813,"href":"http:\/\/realitatearutiera.ro\/index.php?rest_route=\/wp\/v2\/posts\/65812\/revisions\/65813"}],"wp:featuredmedia":[{"embeddable":true,"href":"http:\/\/realitatearutiera.ro\/index.php?rest_route=\/wp\/v2\/media\/48979"}],"wp:attachment":[{"href":"http:\/\/realitatearutiera.ro\/index.php?rest_route=%2Fwp%2Fv2%2Fmedia&parent=65812"}],"wp:term":[{"taxonomy":"category","embeddable":true,"href":"http:\/\/realitatearutiera.ro\/index.php?rest_route=%2Fwp%2Fv2%2Fcategories&post=65812"},{"taxonomy":"post_tag","embeddable":true,"href":"http:\/\/realitatearutiera.ro\/index.php?rest_route=%2Fwp%2Fv2%2Ftags&post=65812"}],"curies":[{"name":"wp","href":"https:\/\/api.w.org\/{rel}","templated":true}]}}