{"id":66257,"date":"2020-07-13T08:23:29","date_gmt":"2020-07-13T05:23:29","guid":{"rendered":"http:\/\/realitatearutiera.ro\/?p=66257"},"modified":"2020-07-13T08:23:32","modified_gmt":"2020-07-13T05:23:32","slug":"accident-grav-in-dambovita-cinci-oameni-au-fost-raniti-dupa-ce-masinile-in-care-se-aflau-s-au-izbit-frontal","status":"publish","type":"post","link":"http:\/\/realitatearutiera.ro\/?p=66257","title":{"rendered":"Accident grav \u00een D\u00e2mbovi\u021ba. Cinci oameni au fost r\u0103ni\u021bi dup\u0103 ce ma\u0219inile \u00een care se aflau s-au izbit frontal"},"content":{"rendered":"\n<p>Cinci oameni au fost r\u0103ni\u021bi, pe un drum din jude\u021bul D\u00e2mbovi\u021ba, dup\u0103 ce ma\u0219inile \u00een care se aflau s-au izbit frontal.<\/p>\n\n\n\n<p>Patru dintre victime sunt membri unei fanfare, \u0219i se \u00eendreptau c\u0103tre o \u00eenmorm\u00e2ntare, unde erau a\u0219tepta\u021bi s\u0103 acompanieze cortegiul funerar.<\/p>\n\n\n\n<p>\u00centr-o curb\u0103 \u00eens\u0103, \u0219oferul ar fi intrat pe contrasens \u0219i a lovit \u00een plin o camionet\u0103.<\/p>\n\n\n\n<p>Accidentul a avut loc \u00een comuna Bilciure\u015fti din jude\u0163ul D\u00e2mbovi\u0163a. B\u0103rbatul de 56 de ani, aflat la volanul autoturismului \u00een care se mai aflau trei pasageri, ar fi pierdut controlul \u00eentr-o curb\u0103, \u015fi a p\u0103truns pe sensul opus, de unde venea o camionet\u0103. \u015eoferul camionetei, de 49 de ani, sus\u0163ine c\u0103 a tras c\u00e2t a putut de volan s\u0103 evite impactul, dar nu a reu\u015fit.<\/p>\n\n\n\n<p>Mihai Gogu &#8211; \u015foferul camionetei: \u201cVenea o ma\u015fin\u0103 care se ducea la \u00eenmorm\u00e2ntare \u015fi eu voiam s\u0103 ies la DN, a venit cu vitez\u0103 foarte mare, am tras dreapta, dar n-am putut s\u0103 evit. Erau grav r\u0103ni\u0163i? Da, se gr\u0103beau s\u0103 ajung\u0103 la o \u00eenmorm\u00e2ntare s\u0103 c\u00e2nte, are o fanfar\u0103\u201d.<\/p>\n\n\n\n<p>\u00cen loc s\u0103 c\u00e2nte la \u00eenmorm\u00e2ntare, membrii fanfarei au ajuns la spital.<\/p>\n\n\n\n<p>R\u0103zvan Ezaru \u2013 purt\u0103tor de cuv\u00e2nt pompieri Corne\u015fti: \u201cAm fost solicita\u0163i la un accident rutier \u00eentre un autoturism \u015fi o autoutilitar\u0103. \u00cen urma accidentului au rezultat cinci victime, toate con\u015ftiente.\u201d<\/p>\n\n\n\n<p>\u00cen urma impactului, cinci persoane au fost r\u0103nite \u2013 patru din autoturism \u015fi un pasager din camionet\u0103. Din cauz\u0103 c\u0103 suferiser\u0103 r\u0103ni grave, doi dintre r\u0103ni\u0163i au fost prelua\u0163i de echipajele de la ambulan\u0163\u0103 \u015fi transporta\u0163i la un spital din Capital\u0103. Celelalte trei victime au ajuns la spitalul jude\u0163ean din T\u00e2rgovi\u015fte, unde au r\u0103mas \u00een grija medicilor. Poli\u0163i\u015ftii au ajuns la fa\u0163a locului \u015fi au deschis un dosar penal pentru v\u0103t\u0103mare corporal\u0103 din culp\u0103 \u015fi urmeaz\u0103 s\u0103 stabileasc\u0103 exact la finalizarea cercet\u0103rilor cine se face vinovat de producerea accidentului.<\/p>\n\n\n\n<p>sursa: stirileprotv<\/p>\n","protected":false},"excerpt":{"rendered":"<p>Cinci oameni au fost r\u0103ni\u021bi, pe un drum din jude\u021bul D\u00e2mbovi\u021ba, dup\u0103 ce ma\u0219inile \u00een care se aflau s-au izbit<\/p>\n","protected":false},"author":1,"featured_media":66061,"comment_status":"closed","ping_status":"closed","sticky":false,"template":"","format":"standard","meta":{"spay_email":"","footnotes":"","jetpack_publicize_message":""},"categories":[1],"tags":[],"class_list":["post-66257","post","type-post","status-publish","format-standard","has-post-thumbnail","hentry","category-uncategorized"],"jetpack_featured_media_url":"https:\/\/i2.wp.com\/realitatearutiera.ro\/wp-content\/uploads\/2020\/07\/accident_f58627.jpg?fit=1200%2C804","jetpack_publicize_connections":[],"jetpack_sharing_enabled":true,"jetpack_shortlink":"https:\/\/wp.me\/p61naM-heF","jetpack-related-posts":[],"_links":{"self":[{"href":"http:\/\/realitatearutiera.ro\/index.php?rest_route=\/wp\/v2\/posts\/66257","targetHints":{"allow":["GET"]}}],"collection":[{"href":"http:\/\/realitatearutiera.ro\/index.php?rest_route=\/wp\/v2\/posts"}],"about":[{"href":"http:\/\/realitatearutiera.ro\/index.php?rest_route=\/wp\/v2\/types\/post"}],"author":[{"embeddable":true,"href":"http:\/\/realitatearutiera.ro\/index.php?rest_route=\/wp\/v2\/users\/1"}],"replies":[{"embeddable":true,"href":"http:\/\/realitatearutiera.ro\/index.php?rest_route=%2Fwp%2Fv2%2Fcomments&post=66257"}],"version-history":[{"count":1,"href":"http:\/\/realitatearutiera.ro\/index.php?rest_route=\/wp\/v2\/posts\/66257\/revisions"}],"predecessor-version":[{"id":66258,"href":"http:\/\/realitatearutiera.ro\/index.php?rest_route=\/wp\/v2\/posts\/66257\/revisions\/66258"}],"wp:featuredmedia":[{"embeddable":true,"href":"http:\/\/realitatearutiera.ro\/index.php?rest_route=\/wp\/v2\/media\/66061"}],"wp:attachment":[{"href":"http:\/\/realitatearutiera.ro\/index.php?rest_route=%2Fwp%2Fv2%2Fmedia&parent=66257"}],"wp:term":[{"taxonomy":"category","embeddable":true,"href":"http:\/\/realitatearutiera.ro\/index.php?rest_route=%2Fwp%2Fv2%2Fcategories&post=66257"},{"taxonomy":"post_tag","embeddable":true,"href":"http:\/\/realitatearutiera.ro\/index.php?rest_route=%2Fwp%2Fv2%2Ftags&post=66257"}],"curies":[{"name":"wp","href":"https:\/\/api.w.org\/{rel}","templated":true}]}}