{"id":69108,"date":"2020-09-28T09:13:07","date_gmt":"2020-09-28T06:13:07","guid":{"rendered":"http:\/\/realitatearutiera.ro\/?p=69108"},"modified":"2020-09-28T09:13:10","modified_gmt":"2020-09-28T06:13:10","slug":"accident-grav-in-neamt-doi-tineri-au-ajuns-la-spital","status":"publish","type":"post","link":"http:\/\/realitatearutiera.ro\/?p=69108","title":{"rendered":"Accident grav \u00een Neam\u021b. Doi tineri au ajuns la spital"},"content":{"rendered":"\n<h4 class=\"wp-block-heading\"><strong>Ca urmare a unui apel la 112 din jurul orei 17:56, pompierii roma\u0219cani au intervenit cu o autospecial\u0103 pentru stingere cu modul pentru descarcerare \u0219i o ambulan\u021b\u0103 SMURD TIM la un accident rutier produs pe raza comunei Ion Creang\u0103.<\/strong><\/h4>\n\n\n\n<p>\u00cen urma accidentului rutier produs \u00eentre un autotren \u0219i un autoturism au rezultat dou\u0103 victime,\u00a0 din care o persoan\u0103 \u00eencarcerat\u0103.<\/p>\n\n\n\n<p>Pompierii militari au descarcerat o persoan\u0103 de 19 ani (conduc\u0103torul autoturismului), con\u0219tient\u0103 , cu multiple traumatisme.<\/p>\n\n\n\n<p>Acesta a fost preluat de echipajul SMURD TIM \u0219i transportat la CPU Roman.<\/p>\n\n\n\n<p>Cealalt\u0103 victim\u0103, un t\u00e2n\u0103r de 22 de ani, pasager \u00een autoturism, a fost preluat de un echipaj de la SAJ \u0219i transportat la CPU Roman.<\/p>\n\n\n\n<p>Militarii au asigurat m\u0103surile de prevenire \u0219i stingere a incendiilor \u0219i vor sabla c\u0103ile rutiere de elementele rezultate \u00een urma accidentului rutier.<\/p>\n\n\n\n<p>sursa: stiri-neamt.ro<\/p>\n","protected":false},"excerpt":{"rendered":"<p>Ca urmare a unui apel la 112 din jurul orei 17:56, pompierii roma\u0219cani au intervenit cu o autospecial\u0103 pentru stingere<\/p>\n","protected":false},"author":1,"featured_media":66971,"comment_status":"closed","ping_status":"closed","sticky":false,"template":"","format":"standard","meta":{"spay_email":"","footnotes":"","jetpack_publicize_message":""},"categories":[1],"tags":[],"class_list":["post-69108","post","type-post","status-publish","format-standard","has-post-thumbnail","hentry","category-uncategorized"],"jetpack_featured_media_url":"https:\/\/i2.wp.com\/realitatearutiera.ro\/wp-content\/uploads\/2020\/07\/accident1-800x600-1.jpg?fit=800%2C600","jetpack_publicize_connections":[],"jetpack_sharing_enabled":true,"jetpack_shortlink":"https:\/\/wp.me\/p61naM-hYE","jetpack-related-posts":[],"_links":{"self":[{"href":"http:\/\/realitatearutiera.ro\/index.php?rest_route=\/wp\/v2\/posts\/69108","targetHints":{"allow":["GET"]}}],"collection":[{"href":"http:\/\/realitatearutiera.ro\/index.php?rest_route=\/wp\/v2\/posts"}],"about":[{"href":"http:\/\/realitatearutiera.ro\/index.php?rest_route=\/wp\/v2\/types\/post"}],"author":[{"embeddable":true,"href":"http:\/\/realitatearutiera.ro\/index.php?rest_route=\/wp\/v2\/users\/1"}],"replies":[{"embeddable":true,"href":"http:\/\/realitatearutiera.ro\/index.php?rest_route=%2Fwp%2Fv2%2Fcomments&post=69108"}],"version-history":[{"count":1,"href":"http:\/\/realitatearutiera.ro\/index.php?rest_route=\/wp\/v2\/posts\/69108\/revisions"}],"predecessor-version":[{"id":69109,"href":"http:\/\/realitatearutiera.ro\/index.php?rest_route=\/wp\/v2\/posts\/69108\/revisions\/69109"}],"wp:featuredmedia":[{"embeddable":true,"href":"http:\/\/realitatearutiera.ro\/index.php?rest_route=\/wp\/v2\/media\/66971"}],"wp:attachment":[{"href":"http:\/\/realitatearutiera.ro\/index.php?rest_route=%2Fwp%2Fv2%2Fmedia&parent=69108"}],"wp:term":[{"taxonomy":"category","embeddable":true,"href":"http:\/\/realitatearutiera.ro\/index.php?rest_route=%2Fwp%2Fv2%2Fcategories&post=69108"},{"taxonomy":"post_tag","embeddable":true,"href":"http:\/\/realitatearutiera.ro\/index.php?rest_route=%2Fwp%2Fv2%2Ftags&post=69108"}],"curies":[{"name":"wp","href":"https:\/\/api.w.org\/{rel}","templated":true}]}}