{"id":69765,"date":"2020-10-14T11:10:43","date_gmt":"2020-10-14T08:10:43","guid":{"rendered":"http:\/\/realitatearutiera.ro\/?p=69765"},"modified":"2020-10-14T11:10:46","modified_gmt":"2020-10-14T08:10:46","slug":"regulile-care-sunt-obligatorii-pentru-toata-romania-intra-in-vigoare-de-pe-15-octombrie","status":"publish","type":"post","link":"http:\/\/realitatearutiera.ro\/?p=69765","title":{"rendered":"Regulile care sunt obligatorii pentru toat\u0103 Rom\u00e2nia. Intr\u0103 \u00een vigoare de pe 15 octombrie"},"content":{"rendered":"\n<p>Mar\u0163i, 13 octombrie, Comitetul Na\u0163ional pentru Situa\u0163ii de Urgen\u0163\u0103 a decis c\u0103 va propune Guvernului prelungirea st\u0103rii de alert\u0103 \u00een Rom\u00e2nia. Ce restric\u0163ii \u015fi interdic\u0163ii con\u0163ine Hot\u0103r\u00e2rea CNSAU nr. 49 din 13.10.2020?<\/p>\n\n\n\n<p>Mar\u0163i, \u015feful DSU, Raed Arafat, a anun\u0163at c\u00e2teva dintre m\u0103surile luate de c\u0103tre Comitetul Na\u0163ional pentru Situa\u0163ii de Urgen\u0163\u0103 \u015fi care urmeaz\u0103 s\u0103 fie adoptate prin Hot\u0103r\u00e2re de Guvern.<\/p>\n\n\n\n<p>Astfel, purtarea m\u0103\u015ftii va deveni obligatorie \u00een toate spa\u0163iile deschise \u00een localit\u0103\u0163ile unde inciden\u0163a cazurilor dep\u0103\u015fe\u015fte 3 la mie.<\/p>\n\n\n\n<p>\u201cSe consider\u0103 necesar\u0103 instituirea obliga\u021biei de purtare a m\u0103\u0219tii de protec\u021bie, astfel \u00eenc\u00e2t s\u0103 acopere nasul \u015fi gura, \u00een jude\u021bele\/localit\u0103\u021bile unde inciden\u021ba cumulat\u0103 a cazurilor \u00een ultimele 14 zile este mai mic\u0103 sau egal\u0103 cu 3\/1.000 de locuitori pentru toate persoanele care au \u00eemplinit v\u00e2rsta de 5 ani, prezente \u00een spa\u021biile publice deschise, cum ar fi pie\u021bele, t\u00e2rgurile, zonele de a\u0219teptare (sta\u021bii de autobuz, peroane \u015fi altele asemenea), falezele, zonele \u00een care se desf\u0103\u0219oar\u0103 serb\u0103ri publice sau pelerinaje, exteriorul obiectivelor turistice, zonele pietonale comerciale \u0219i \u00een proximitatea institu\u021biilor de \u00eenv\u0103\u021b\u0103m\u00e2nt p\u00e2n\u0103 la o distan\u021b\u0103 de 50 m de intrarea \u00een perimetrul \u0219colii.<\/p>\n\n\n\n<p>Se consider\u0103 necesar\u0103 instituirea obliga\u021biei purt\u0103rii m\u0103\u0219tii de protec\u021bie, astfel \u00eenc\u00e2t s\u0103 acopere nasul \u015fi gura, \u00een jude\u021bele\/localit\u0103\u021bile unde inciden\u021ba cumulat\u0103 a cazurilor \u00een ultimele 14 zile este mai mare de 3\/1.000 de locuitori, pentru toate persoanele care au \u00eemplinit v\u00e2rsta de 5 ani, \u00een toate spa\u021biile publice deschise\u201d, se arat\u0103 \u00een documentul CNSU.<\/p>\n\n\n\n<h3 class=\"wp-block-heading\"><strong>Prevederi referitoare la cultele religioase<\/strong><\/h3>\n\n\n\n<p>\u201c19.Activitatea cultelor religioase, inclusiv a slujbelor \u0219i rug\u0103ciunilor colective, se desf\u0103\u0219oar\u0103 \u00een interiorul \u0219i\/sau \u00een afara l\u0103ca\u0219urilor de cult cu respectarea regulilor de protec\u021bie sanitar\u0103, stabilite prin ordin comun al ministrului s\u0103n\u0103t\u0103\u021bii \u0219i al ministrului afacerilor interne.<\/p>\n\n\n\n<p>20.\u00cen condi\u021biile pct. 19, pentru prevenirea r\u0103sp\u00e2ndirii infec\u021biilor cu SARS-CoV-2, organizarea de procesiuni \u0219i\/sau pelerinaje religioase este permis\u0103 numai cu participarea persoanelor care au domiciliul sau re\u0219edin\u021ba \u00een localitatea unde se desf\u0103\u0219oar\u0103 respectiva activitate.<\/p>\n\n\n\n<p>21.Se propune interzicerea particip\u0103rii la procesiunile \u0219i\/sau pelerinajele religioase prev\u0103zute la pct. 19 a persoanelor care nu au domiciliul sau re\u0219edin\u021ba \u00een localit\u0103\u021bile \u00een care se desf\u0103\u0219oar\u0103 aceste activit\u0103\u021bi.\u201d<\/p>\n\n\n\n<h3 class=\"wp-block-heading\"><strong>Evenimentele festive de tip nun\u0163i sau botezuri, interzise<\/strong><\/h3>\n\n\n\n<p>\u201cSe propune interzicerea organiz\u0103rii de evenimente private (nun\u021bi, botezuri, mese festive etc.) at\u00e2t \u00een spa\u021bii deschise c\u00e2t \u0219i \u00eenchise (saloane, c\u0103mine culturale, restaurante, baruri, cafenele, s\u0103li\/corturi de evenimente etc.).\u201d<\/p>\n\n\n\n<h3 class=\"wp-block-heading\"><strong>Cum vor func\u0163iona restaurantele sau cafenelele<\/strong><\/h3>\n\n\n\n<p>\u201c37. Activitatea cu publicul a operatorilor economici care desf\u0103\u0219oar\u0103 activit\u0103\u021bi de preparare, comercializare \u0219i consum al produselor alimentare \u0219i\/sau b\u0103uturilor alcoolice \u0219i nealcoolice, de tipul restaurantelor \u0219i cafenelelor, \u00een interiorul cl\u0103dirilor, se desf\u0103\u0219oar\u0103 f\u0103r\u0103 a dep\u0103\u0219i 50% din capacitatea maxim\u0103 a spa\u021biului \u00een jude\u021bele\/localit\u0103\u021bile unde inciden\u021ba cumulat\u0103 a cazurilor \u00een ultimele 14 zile este mai mic\u0103 sau egal\u0103 de 1,5\/1.000 de locuitori, f\u0103r\u0103 a dep\u0103\u0219i 30% din capacitatea maxim\u0103 a spa\u021biului \u0219i \u00een intervalul orar 06.00-23.00, dac\u0103 inciden\u021ba cumulat\u0103 \u00een ultimele 14 zile a cazurilor din jude\u021b\/localitate este mai mare de 1,5 \u0219i mai mic\u0103 sau egal\u0103 cu 3\/1.000 de locuitori \u0219i este interzis\u0103 la dep\u0103\u0219irea inciden\u021bei de 3\/1.000 de locuitori.<\/p>\n\n\n\n<p>38.Activitatea restaurantelor \u0219i a cafenelelor din interiorul hotelurilor, pensiunilor sau altor unit\u0103\u021bi de cazare, se desf\u0103\u0219oar\u0103 f\u0103r\u0103 a dep\u0103\u0219i 50% din capacitatea maxim\u0103 a spa\u021biului \u00een jude\u021bele\/localit\u0103\u021bile unde inciden\u021ba cumulat\u0103 a cazurilor \u00een ultimele 14 zile este mai mic\u0103 sau egal\u0103 de 1,5\/1.000 de locuitori, f\u0103r\u0103 a dep\u0103\u0219i 30% din capacitatea maxim\u0103 a spa\u021biului \u0219i \u00een intervalul orar 06.00-23.00, dac\u0103 inciden\u021ba cumulat\u0103 \u00een ultimele 14 zile a cazurilor din jude\u021b\/localitate este mai mare de 1,5 \u0219i mai mic\u0103 sau egal\u0103 cu 3\/1.000 de locuitori \u0219i doar pentru persoanele cazate \u00een cadrul acestor unit\u0103\u021bi \u00een jude\u021bele\/localit\u0103\u021bile unde este dep\u0103\u0219it\u0103 inciden\u021ba de 3\/1.000 de locuitori \u00een ultimele 14 zile.<\/p>\n\n\n\n<p>39.\u00cen situa\u021bia \u00een care activitatea operatorilor economici prev\u0103zu\u021bi la pct. 37 \u0219i 38 este restric\u021bionat\u0103 sau \u00eenchis\u0103, se permite prepararea hranei \u0219i comercializarea produselor alimentare \u0219i b\u0103uturilor alcoolice \u0219i nealcoolice care nu se consum\u0103 \u00een spa\u021biile respective.\u201d<\/p>\n\n\n\n<p>\u201cSe propune men\u021binerea interdic\u021biei de desf\u0103\u0219urare a activit\u0103\u021bii \u00een baruri, cluburi \u0219i discoteci.\u201d<\/p>\n\n\n\n<h3 class=\"wp-block-heading\"><strong>Ce se \u00eent\u00e2mpl\u0103 cu operatorii de jocuri de noroc<\/strong><\/h3>\n\n\n\n<p>\u201cActivitatea cu publicul a operatorilor economici licen\u021bia\u021bi \u00een domeniul jocurilor de noroc este permis\u0103 f\u0103r\u0103 a dep\u0103\u0219i 50% din capacitatea maxim\u0103 a spa\u021biului \u00een jude\u021bele\/localit\u0103\u021bile unde inciden\u021ba cumulat\u0103 a cazurilor \u00een ultimele 14 zile este mai mic\u0103 sau egal\u0103 de 1,5\/1.000 de locuitori, f\u0103r\u0103 a dep\u0103\u0219i 30% din capacitatea maxim\u0103 a spa\u021biului, dac\u0103 inciden\u021ba cumulat\u0103 \u00een ultimele 14 zile a cazurilor din jude\u021b\/localitate este mai mare de 1,5 \u0219i mai mic\u0103 sau egal\u0103 cu 3\/1.000 de locuitori \u0219i este interzis\u0103 la dep\u0103\u0219irea inciden\u021bei de 3\/1.000 de locuitori.\u201d<\/p>\n\n\n\n<p>Pute\u0163i consulta toate m\u0103surile propuse de c\u0103tre CNSU desc\u0103rc\u00e2nd documentul la\u00a0<a rel=\"noreferrer noopener\" href=\"https:\/\/images.capital.ro\/wp-content\/uploads\/2020\/10\/Hotarare-CNSU-nr.-49-din-13.10.2020-si-anexe-1.pdf\" target=\"_blank\">acest link<\/a>\u00a0sau \u00eel pute\u0163i r\u0103sfoi mai jos pe pagina noastr\u0103.<\/p>\n\n\n\n<p>Sursa:capital<\/p>\n","protected":false},"excerpt":{"rendered":"<p>Mar\u0163i, 13 octombrie, Comitetul Na\u0163ional pentru Situa\u0163ii de Urgen\u0163\u0103 a decis c\u0103 va propune Guvernului prelungirea st\u0103rii de alert\u0103 \u00een<\/p>\n","protected":false},"author":1,"featured_media":69766,"comment_status":"closed","ping_status":"closed","sticky":false,"template":"","format":"standard","meta":{"spay_email":"","footnotes":"","jetpack_publicize_message":""},"categories":[6],"tags":[],"class_list":["post-69765","post","type-post","status-publish","format-standard","has-post-thumbnail","hentry","category-social"],"jetpack_featured_media_url":"https:\/\/i2.wp.com\/realitatearutiera.ro\/wp-content\/uploads\/2020\/10\/62139458-15985239260piwjmv.jpeg?fit=650%2C360","jetpack_publicize_connections":[],"jetpack_sharing_enabled":true,"jetpack_shortlink":"https:\/\/wp.me\/p61naM-i9f","jetpack-related-posts":[],"_links":{"self":[{"href":"http:\/\/realitatearutiera.ro\/index.php?rest_route=\/wp\/v2\/posts\/69765","targetHints":{"allow":["GET"]}}],"collection":[{"href":"http:\/\/realitatearutiera.ro\/index.php?rest_route=\/wp\/v2\/posts"}],"about":[{"href":"http:\/\/realitatearutiera.ro\/index.php?rest_route=\/wp\/v2\/types\/post"}],"author":[{"embeddable":true,"href":"http:\/\/realitatearutiera.ro\/index.php?rest_route=\/wp\/v2\/users\/1"}],"replies":[{"embeddable":true,"href":"http:\/\/realitatearutiera.ro\/index.php?rest_route=%2Fwp%2Fv2%2Fcomments&post=69765"}],"version-history":[{"count":1,"href":"http:\/\/realitatearutiera.ro\/index.php?rest_route=\/wp\/v2\/posts\/69765\/revisions"}],"predecessor-version":[{"id":69767,"href":"http:\/\/realitatearutiera.ro\/index.php?rest_route=\/wp\/v2\/posts\/69765\/revisions\/69767"}],"wp:featuredmedia":[{"embeddable":true,"href":"http:\/\/realitatearutiera.ro\/index.php?rest_route=\/wp\/v2\/media\/69766"}],"wp:attachment":[{"href":"http:\/\/realitatearutiera.ro\/index.php?rest_route=%2Fwp%2Fv2%2Fmedia&parent=69765"}],"wp:term":[{"taxonomy":"category","embeddable":true,"href":"http:\/\/realitatearutiera.ro\/index.php?rest_route=%2Fwp%2Fv2%2Fcategories&post=69765"},{"taxonomy":"post_tag","embeddable":true,"href":"http:\/\/realitatearutiera.ro\/index.php?rest_route=%2Fwp%2Fv2%2Ftags&post=69765"}],"curies":[{"name":"wp","href":"https:\/\/api.w.org\/{rel}","templated":true}]}}