{"id":73757,"date":"2021-02-23T09:53:10","date_gmt":"2021-02-23T07:53:10","guid":{"rendered":"http:\/\/realitatearutiera.ro\/?p=73757"},"modified":"2021-02-23T09:53:16","modified_gmt":"2021-02-23T07:53:16","slug":"cod-galben-de-ceata-in-27-de-judete-marti-dimineata","status":"publish","type":"post","link":"http:\/\/realitatearutiera.ro\/?p=73757","title":{"rendered":"Cod galben de cea\u021b\u0103 \u00een 27 de jude\u021be, mar\u021bi diminea\u021ba"},"content":{"rendered":"\n<p>Administra\u0163ia Na\u0163ional\u0103 de Meteorologie a emis mar\u0163i mai multe aten\u0163ion\u0103ri nowcasting Cod galben de cea\u0163\u0103 valabile \u00een orele urm\u0103toare \u00een 27 de jude\u0163e.<\/p>\n\n\n\n<p>Potrivit ANM, p\u00e2n\u0103 la ora 11:00, \u00een localit\u0103\u0163i din jude\u0163ele Ialomi\u0163a, C\u0103l\u0103ra\u015fi, Cluj, Bistri\u0163a-N\u0103s\u0103ud, Covasna, Giurgiu, Teleorman, Constan\u0163a, Tulcea, Alba (zona joas\u0103), Bra\u015fov (zona joas\u0103), Mure\u015f (zona joas\u0103), Harghita, Sibiu se va semnala local cea\u0163\u0103 care determin\u0103 sc\u0103derea vizibilit\u0103\u0163ii sub 200 m, izolat sub 50 m, ce va favoriza, \u00een func\u0163ie \u015fi de condi\u0163iile locale, formarea ghe\u0163u\u015fului.<\/p>\n\n\n\n<p>De asemenea, p\u00e2n\u0103 la ora 10:00 sunt vizate de cea\u0163\u0103 \u015fi localit\u0103\u0163i din jude\u0163ele Olt, Gorj (zona joas\u0103), Dolj (zona joas\u0103), Mehedin\u0163i (zona joas\u0103), Bac\u0103u (zona joas\u0103), Boto\u015fani, Gala\u0163i, Neam\u0163 (zona joas\u0103), Vrancea (zona joas\u0103), Ia\u015fi, Vaslui, Br\u0103ila \u015fi Buz\u0103u.<\/p>\n\n\n\n<p>Avertiz\u0103rile de fenomene periculoase imediate se emit pentru o perioad\u0103 de maximum 6 ore.<\/p>\n\n\n\n<p>Sursa g4<\/p>\n","protected":false},"excerpt":{"rendered":"<p>Administra\u0163ia Na\u0163ional\u0103 de Meteorologie a emis mar\u0163i mai multe aten\u0163ion\u0103ri nowcasting Cod galben de cea\u0163\u0103 valabile \u00een orele urm\u0103toare \u00een<\/p>\n","protected":false},"author":1,"featured_media":55550,"comment_status":"closed","ping_status":"closed","sticky":false,"template":"","format":"standard","meta":{"spay_email":"","footnotes":"","jetpack_publicize_message":""},"categories":[6],"tags":[],"class_list":["post-73757","post","type-post","status-publish","format-standard","has-post-thumbnail","hentry","category-social"],"jetpack_featured_media_url":"https:\/\/i0.wp.com\/realitatearutiera.ro\/wp-content\/uploads\/2019\/10\/ceata-autostrada.jpg?fit=836%2C521","jetpack_publicize_connections":[],"jetpack_sharing_enabled":true,"jetpack_shortlink":"https:\/\/wp.me\/p61naM-jbD","jetpack-related-posts":[],"_links":{"self":[{"href":"http:\/\/realitatearutiera.ro\/index.php?rest_route=\/wp\/v2\/posts\/73757","targetHints":{"allow":["GET"]}}],"collection":[{"href":"http:\/\/realitatearutiera.ro\/index.php?rest_route=\/wp\/v2\/posts"}],"about":[{"href":"http:\/\/realitatearutiera.ro\/index.php?rest_route=\/wp\/v2\/types\/post"}],"author":[{"embeddable":true,"href":"http:\/\/realitatearutiera.ro\/index.php?rest_route=\/wp\/v2\/users\/1"}],"replies":[{"embeddable":true,"href":"http:\/\/realitatearutiera.ro\/index.php?rest_route=%2Fwp%2Fv2%2Fcomments&post=73757"}],"version-history":[{"count":2,"href":"http:\/\/realitatearutiera.ro\/index.php?rest_route=\/wp\/v2\/posts\/73757\/revisions"}],"predecessor-version":[{"id":73759,"href":"http:\/\/realitatearutiera.ro\/index.php?rest_route=\/wp\/v2\/posts\/73757\/revisions\/73759"}],"wp:featuredmedia":[{"embeddable":true,"href":"http:\/\/realitatearutiera.ro\/index.php?rest_route=\/wp\/v2\/media\/55550"}],"wp:attachment":[{"href":"http:\/\/realitatearutiera.ro\/index.php?rest_route=%2Fwp%2Fv2%2Fmedia&parent=73757"}],"wp:term":[{"taxonomy":"category","embeddable":true,"href":"http:\/\/realitatearutiera.ro\/index.php?rest_route=%2Fwp%2Fv2%2Fcategories&post=73757"},{"taxonomy":"post_tag","embeddable":true,"href":"http:\/\/realitatearutiera.ro\/index.php?rest_route=%2Fwp%2Fv2%2Ftags&post=73757"}],"curies":[{"name":"wp","href":"https:\/\/api.w.org\/{rel}","templated":true}]}}