{"id":73886,"date":"2021-03-01T08:51:43","date_gmt":"2021-03-01T06:51:43","guid":{"rendered":"http:\/\/realitatearutiera.ro\/?p=73886"},"modified":"2021-03-01T08:51:48","modified_gmt":"2021-03-01T06:51:48","slug":"1-martie-traditii-superstitii-obiceiuri","status":"publish","type":"post","link":"http:\/\/realitatearutiera.ro\/?p=73886","title":{"rendered":"1 Martie: Tradi\u021bii, supersti\u021bii, obiceiuri"},"content":{"rendered":"\n<ul class=\"wp-block-list\"><li><strong>1 Martie, Ziua M\u0103r\u021bi\u0219orului, marcheaz\u0103 \u00eenceputul prim\u0103verii.<\/strong><\/li><li><strong>Firul colorat \u00een alb \u0219i ro\u0219u, m\u0103r\u021bi\u0219orul, se poart\u0103 \u00een piept sau la \u00eencheietura m\u00e2inii pentru un plus de noroc.<\/strong><\/li><li><strong>Cea mai \u00eent\u00e2lnit\u0103 supersti\u021bie spune c\u0103 m\u0103r\u021bi\u0219orul nu se arunc\u0103 la gunoi.<\/strong><\/li><li><strong>Pe 1 Martie, Organiza\u021bia Na\u021biunilor Unite celebreaz\u0103&nbsp;<em>Ziua Mondial\u0103 pentru Eliminarea Discrimin\u0103rii<\/em><\/strong>.<\/li><\/ul>\n\n\n\n<p>1 Martie marcheaz\u0103 \u00eenceputul prim\u0103verii. Ziua \u00een care natura \u0219i sufletele noastre ies din amor\u021beala iernii \u0219i privesc cu speran\u021b\u0103 c\u0103tre soare, c\u0103tre prospe\u021bime \u0219i c\u0103ldur\u0103.<\/p>\n\n\n\n<p>1 Martie este momentul \u00een care toat\u0103 lumea trage aer \u00een piept \u0219i simte mirosul de prim\u0103var\u0103, de flori, de mai bun \u0219i de mai bine.<\/p>\n\n\n\n<p>Pentru c\u0103 1 martie vine \u00eenc\u0103rcat cu aceast\u0103 magie a rena\u0219terii, iar \u00eenceputul nu este doar o zi \u00een calendar, ci \u0219i \u00een sufletele noastre.<\/p>\n\n\n\n<p>1 Martie este ziua \u00een care toat\u0103 suflarea vibreaz\u0103 \u0219i c\u00e2nt\u0103 \u00eentr-o singur\u0103 voce, pe acelea\u0219i note muzicale, danseaz\u0103 acela\u0219i dans al noilor \u00eenceputuri: mai fresh, dinamice, atinse de adierea caldu\u021b\u0103 a prim\u0103verii \u0219i de verdele rena\u0219terii.<\/p>\n\n\n\n<h2 class=\"wp-block-heading\">Legenda&nbsp;<a href=\"https:\/\/alephnews.ro\/?p=147922&amp;preview=true\">M\u0103r\u021bi\u0219orului<\/a>: Viteazul care a murit pentru a reda Soarele \u00eentregii lumi<\/h2>\n\n\n\n<p>Una dintre cele mai cunoscute legende ale m\u0103r\u021bi\u0219orului spune c\u0103 prim\u0103vara ar fi ap\u0103rut datorit\u0103 unui f\u0103t-frumos curajos care \u0219i-a dat via\u021ba pentru cele trei luni de soare \u0219i prospe\u021bime.<\/p>\n\n\n\n<p>\u00centr-o sear\u0103, un zmeu ar fi zburat p\u00e2n\u0103 la bolta cereasc\u0103 \u0219i ar fi furat Soarele pentru a se r\u0103zbuna pe oamenii care iubesc lumina \u0219i voia bun\u0103.<\/p>\n\n\n\n<p>A doua zi, de diminea\u021b\u0103, toat\u0103 suflarea a a\u0219teptat s\u0103 apar\u0103 razele care s\u0103 le \u00eenc\u0103lzeasc\u0103 fe\u021bele, \u00eens\u0103 a\u0219teptarea a fost \u00een zadar.<\/p>\n\n\n\n<figure class=\"wp-block-image\"><img decoding=\"async\" src=\"https:\/\/i2.wp.com\/media.alephnews.ro\/2021\/02\/1-martie-ghiocei-1024x682.jpg?resize=800%2C533&#038;ssl=1\" alt=\"Ghiocei de 1 Martie\" class=\"wp-image-148703\" data-recalc-dims=\"1\"\/><figcaption>Sursa Foto: HEPTA<\/figcaption><\/figure>\n\n\n\n<p>A trecut vara, iar lumin\u0103 dinspre cer nu a venit. A sosit toamna, iar Soarele lipsea cu des\u0103v\u00e2r\u0219ire. Sufletele oamenilor au \u00eenceput s\u0103 fac\u0103 \u021bur\u021buri, iar z\u00e2mbetul le-a disp\u0103rut de pe buze. Neaua s-a a\u0219ternut, \u00eens\u0103 soarele tot nu a ap\u0103rut.<\/p>\n\n\n\n<p>De undeva dintr-un sat de la marginea lumii, un viteaz \u0219i-a luat inima \u00een din\u021bi \u0219i a o hot\u0103r\u00e2t s\u0103 aduc\u0103 Soarele \u00eenapoi. A mers \u00een \u021binutul zmeilor \u0219i s-a luptat cu ace\u0219tia zile la r\u00e2nd p\u00e2n\u0103 c\u00e2nd, \u00eentr-o zi, dintre r\u0103s\u0103rit ap\u0103reau timide razele Soarelui.<\/p>\n\n\n\n<p>Oamenii s-au luminat, z\u00e2mbetul li s-a dezghe\u021bat \u0219i sufletele s-au \u00eenc\u0103lzit pe loc, dar viteazul nu a reu\u0219it s\u0103 scape cu via\u021b\u0103 din ghearele zmeilor. S\u00e2ngele lui s-a scurs \u00een z\u0103pad\u0103, iar odat\u0103 ce Soarele a topit neaua, un m\u0103nunchi de ghiocei a r\u0103s\u0103rit din s\u00e2ngele viteazului.<\/p>\n\n\n\n<p>Oamenii au decis c\u0103 ghioceii n\u0103scu\u021bi din lupta viteazului sunt adev\u0103ra\u021bii vestitori ai prim\u0103verii.<\/p>\n\n\n\n<h2 class=\"wp-block-heading\"><a href=\"https:\/\/alephnews.ro\/?p=148674&amp;preview=true\">Tradi\u021bii<\/a>, supersti\u021bii \u0219i obiceiuri de 1 Martie: Nu arunca m\u0103r\u021bi\u0219orul la gunoi<\/h2>\n\n\n\n<p>\u00cen zilele noastre, de 1 Martie oferim m\u0103r\u021bi\u0219oare: fire colorate \u00een alb \u0219i ro\u0219u care poart\u0103 noroc.<\/p>\n\n\n\n<p>De-a lungul timpului s-au construit o mul\u021bime de legende \u00een jurul m\u0103r\u021bi\u0219orului, dar cea mai \u00eent\u00e2lnit\u0103 dintre ele spune c\u0103&nbsp;<strong><a href=\"https:\/\/alephnews.ro\/reindragosteste-te\/ce-martisoare-dulci-putem-oferi-de-1-martie-iata-cateva-idei\/\">m\u0103r\u021bi\u0219orul<\/a>&nbsp;nu trebuie s\u0103 fie aruncat la gunoi pentru c\u0103 aduce ghinion.<\/strong><\/p>\n\n\n\n<p>O supersti\u021bie de 1 Martie spune c\u0103 \u00een aceast\u0103 zi nu ar fi bine s\u0103 sp\u0103lm sau s\u0103 facem curat \u00een cas\u0103: Baba Dochia ar trimite ghinion \u00een gospod\u0103ria care nu respect\u0103 tradi\u021bia.<\/p>\n\n\n\n<figure class=\"wp-block-image\"><img decoding=\"async\" src=\"https:\/\/i1.wp.com\/media.alephnews.ro\/2021\/02\/1-martie-martisor-pom-1024x768.jpg?resize=800%2C600&#038;ssl=1\" alt=\"1 Martie: M\u0103r\u021bi\u0219or\" class=\"wp-image-148709\" data-recalc-dims=\"1\"\/><figcaption>Sursa Foto: Profimedia<\/figcaption><\/figure>\n\n\n\n<p>\u00cen Moldova, de 1 Martie, femeile d\u0103ruiesc m\u0103r\u021bi\u0219oare b\u0103rba\u021bilor.<\/p>\n\n\n\n<p>Dobrogenii spun c\u0103 m\u0103r\u021bi\u0219orul se poart\u0103 p\u00e2n\u0103 c\u00e2nd z\u0103resc zborul primei berze. \u00cen acel moment, m\u0103r\u021bi\u0219orul este aruncat de femei c\u0103tre cer ca norocul s\u0103 prind\u0103 aripi \u0219i s\u0103 fie la fel de mare precum barza.<\/p>\n\n\n\n<p>Sursa:alephnews<\/p>\n","protected":false},"excerpt":{"rendered":"<p>1 Martie, Ziua M\u0103r\u021bi\u0219orului, marcheaz\u0103 \u00eenceputul prim\u0103verii. Firul colorat \u00een alb \u0219i ro\u0219u, m\u0103r\u021bi\u0219orul, se poart\u0103 \u00een piept sau la<\/p>\n","protected":false},"author":1,"featured_media":73887,"comment_status":"closed","ping_status":"closed","sticky":false,"template":"","format":"standard","meta":{"spay_email":"","footnotes":"","jetpack_publicize_message":""},"categories":[6],"tags":[],"class_list":["post-73886","post","type-post","status-publish","format-standard","has-post-thumbnail","hentry","category-social"],"jetpack_featured_media_url":"https:\/\/i2.wp.com\/realitatearutiera.ro\/wp-content\/uploads\/2021\/03\/Legenda-Martisorului-la-romani-si-moldoveni-Soarele.jpg?fit=800%2C460","jetpack_publicize_connections":[],"jetpack_sharing_enabled":true,"jetpack_shortlink":"https:\/\/wp.me\/p61naM-jdI","jetpack-related-posts":[],"_links":{"self":[{"href":"http:\/\/realitatearutiera.ro\/index.php?rest_route=\/wp\/v2\/posts\/73886","targetHints":{"allow":["GET"]}}],"collection":[{"href":"http:\/\/realitatearutiera.ro\/index.php?rest_route=\/wp\/v2\/posts"}],"about":[{"href":"http:\/\/realitatearutiera.ro\/index.php?rest_route=\/wp\/v2\/types\/post"}],"author":[{"embeddable":true,"href":"http:\/\/realitatearutiera.ro\/index.php?rest_route=\/wp\/v2\/users\/1"}],"replies":[{"embeddable":true,"href":"http:\/\/realitatearutiera.ro\/index.php?rest_route=%2Fwp%2Fv2%2Fcomments&post=73886"}],"version-history":[{"count":1,"href":"http:\/\/realitatearutiera.ro\/index.php?rest_route=\/wp\/v2\/posts\/73886\/revisions"}],"predecessor-version":[{"id":73888,"href":"http:\/\/realitatearutiera.ro\/index.php?rest_route=\/wp\/v2\/posts\/73886\/revisions\/73888"}],"wp:featuredmedia":[{"embeddable":true,"href":"http:\/\/realitatearutiera.ro\/index.php?rest_route=\/wp\/v2\/media\/73887"}],"wp:attachment":[{"href":"http:\/\/realitatearutiera.ro\/index.php?rest_route=%2Fwp%2Fv2%2Fmedia&parent=73886"}],"wp:term":[{"taxonomy":"category","embeddable":true,"href":"http:\/\/realitatearutiera.ro\/index.php?rest_route=%2Fwp%2Fv2%2Fcategories&post=73886"},{"taxonomy":"post_tag","embeddable":true,"href":"http:\/\/realitatearutiera.ro\/index.php?rest_route=%2Fwp%2Fv2%2Ftags&post=73886"}],"curies":[{"name":"wp","href":"https:\/\/api.w.org\/{rel}","templated":true}]}}