{"id":75037,"date":"2021-04-07T10:01:34","date_gmt":"2021-04-07T07:01:34","guid":{"rendered":"http:\/\/realitatearutiera.ro\/?p=75037"},"modified":"2021-04-07T10:01:40","modified_gmt":"2021-04-07T07:01:40","slug":"tir-uri-si-masini-au-derapat-si-s-au-blocat-in-zapada-in-judetul-brasov","status":"publish","type":"post","link":"http:\/\/realitatearutiera.ro\/?p=75037","title":{"rendered":"TIR-uri \u0219i ma\u0219ini au derapat \u0219i s-au blocat \u00een z\u0103pad\u0103, \u00een jude\u021bul Bra\u0219ov"},"content":{"rendered":"\n<p><strong>\u00cen jude\u021bul Bra\u0219ov a nins abundent \u00een cursul nop\u021bii, iar stratul de z\u0103pad\u0103 a ajuns \u00een c\u00e2teva ore la 20 de centimetri. Continu\u0103 s\u0103 ning\u0103, sunt blocaje \u00een trafic, iar utilajele de desz\u0103pezire fac cu greu fa\u021b\u0103 interven\u021biilor, dar \u0219i \u0219oferilor care au derapat sau nu au mai putut \u00eenainta.<\/strong><\/p>\n\n\n\n<p>Trafic este \u00eengreunat miercuri diminea\u021b\u0103 pe mai multe drumuri importante din \u021bar\u0103.&nbsp;Se circul\u0103 cu dificultate dup\u0103 ce a nins \u00een mai multe jude\u021be, de\u0219i ne afl\u0103m \u00een mijlocul prim\u0103verii. Astfel, z\u0103pada le d\u0103 b\u0103t\u0103i de cap \u0219oferilor care trec prin Comarnic, Sibiu sau Curtea de Arge\u0219.<\/p>\n\n\n\n<p>Cea mai dificil\u0103 situa\u021bie este \u00een jude\u021bul Bra\u0219ov. Ninge \u0219i \u00een jude\u021bele Sibiu, Harghita, Mure\u0219, Covasna.<\/p>\n\n\n\n<p>\u00cen acest moment este \u00een vigoare un cod galben de v\u00e2nt intens \u0219i ninsori \u00eensemnate care vizeaz\u0103 zona Carpa\u021bilor Orientali \u0219i Meridionali p\u00e2n\u0103 la ora 18.00.<\/p>\n\n\n\n<p><strong><em>VIDEO &#8211; Imagini de pe DN 73, zona Ruc\u0103r \u2013 Bran, unde ninge abundent \u0219i se circul\u0103 \u00een condi\u021bii de iarn\u0103<\/em><\/strong><\/p>\n\n\n\n<h2 class=\"wp-block-heading\" id=\"highlight-1487027-1\">Prefectul jude\u021bului Bra\u0219ov: Suntem \u00een alert\u0103<\/h2>\n\n\n\n<p>Prefectul jude\u021bului Bra\u0219ov, C\u0103t\u0103lin V\u0103s\u00eei, a declarat la Digi24 c\u0103 nu este prima oar\u0103 c\u00e2nd ninge at\u00e2t de puternic \u00een jude\u021b, \u00een aprilie, c\u0103 s-a a\u0219teptat la asta \u0219i c\u0103 din acest motiv, contractele cu firmele de desz\u0103pezire nu au fost \u00eencheiate.<\/p>\n\n\n\n<p>El a spus c\u0103 nu sunt drumuri blocate, dar c\u0103 se a\u0219teapt\u0103 s\u0103 continue s\u0103 ning\u0103 \u0219i dup\u0103 ora 18.00, c\u00e2nd ar urma s\u0103 ias\u0103 din vigoare codul galben emis de meteorologi.<\/p>\n\n\n\n<p>&#8220;<strong>Suntem \u00een alert\u0103. Ne a\u0219tept\u0103m ca \u0219i la sf\u00e2r\u0219itul lui aprilie s\u0103 avem astfel de probleme<\/strong>. Avem acum 50 de utilaje, dac\u0103 va fi nevoie, supliment\u0103m&#8221;, a afirmat prefectul.<\/p>\n\n\n\n<h2 class=\"wp-block-heading\" id=\"highlight-1487027-2\">Direc\u021bia de Drumuri Bra\u0219ov: Nici noi nu putem face minuni<\/h2>\n\n\n\n<p>La r\u00e2ndul s\u0103u, Robert Eleckes, purt\u0103torul de cuv\u00e2nt al Direc\u021biei de Drumuri Bra\u0219ov, a spus la Digi24 c\u0103&nbsp;<strong>\u00een ultimele dou\u0103 ore, stratul de z\u0103pad\u0103 depus a ajuns la 20 de centimetri, chiar mai mult \u00een zona montan\u0103.<\/strong><\/p>\n\n\n\n<p>&#8220;Sunt probleme, blocaje \u00een trafic, utilajele sunt prezente, dar se ocup\u0103 de&nbsp;<strong>deblocarea tirurilor care au fost luate prin surprindere.<\/strong><\/p>\n\n\n\n<p>\u00cen Bra\u0219ov, Sibiu, Harghita, Mure\u0219, Covasna ac\u021bion\u0103m cu 60 de utilaje. Acum, trebuia s\u0103 vorbim de repararea lor, nu despre desz\u0103pezire, dar ne-am preg\u0103tit de zilele trecute, avem material antiderapant.<\/p>\n\n\n\n<p><strong>Nici noi nu putem face minuni, cerem \u0219oferilor \u00een\u021belegere \u0219i s\u0103 circule prudent. Dac\u0103 pot, \u00een aceste zile s\u0103 evite complet deplas\u0103rile \u00een zona montan\u0103.<\/strong><\/p>\n\n\n\n<p>DN1 \u0219i DN 73 sunt singurele cu probleme, au fost \u0219i pe DN74, pasul Ruc\u0103r-Bran.<\/p>\n\n\n\n<p>La fenomenele meteo ne a\u0219teptam,&nbsp;<strong>problema e cu ma\u0219inile care derapeaz\u0103 sau se pun de-a curmezi\u0219ul drumului,<\/strong>&nbsp;pe acolo nici utilajele nu pot trece, trebuie s\u0103 se opreasc\u0103 s\u0103 \u00eei ajute ceea ce ia din timpul de desz\u0103pezire&#8221;, a spus Eleckes.<\/p>\n","protected":false},"excerpt":{"rendered":"<p>\u00cen jude\u021bul Bra\u0219ov a nins abundent \u00een cursul nop\u021bii, iar stratul de z\u0103pad\u0103 a ajuns \u00een c\u00e2teva ore la 20<\/p>\n","protected":false},"author":1,"featured_media":75038,"comment_status":"closed","ping_status":"closed","sticky":false,"template":"","format":"standard","meta":{"spay_email":"","footnotes":"","jetpack_publicize_message":""},"categories":[6],"tags":[],"class_list":["post-75037","post","type-post","status-publish","format-standard","has-post-thumbnail","hentry","category-social"],"jetpack_featured_media_url":"https:\/\/i1.wp.com\/realitatearutiera.ro\/wp-content\/uploads\/2021\/04\/NzgwJmg9NDQwJmhhc2g9NThiZTQ4NTc1YjQ4NGZlMTU0YzI1YTdjOTAwYzlhMzk.thumb_.jpg?fit=780%2C440","jetpack_publicize_connections":[],"jetpack_sharing_enabled":true,"jetpack_shortlink":"https:\/\/wp.me\/p61naM-jwh","jetpack-related-posts":[],"_links":{"self":[{"href":"http:\/\/realitatearutiera.ro\/index.php?rest_route=\/wp\/v2\/posts\/75037","targetHints":{"allow":["GET"]}}],"collection":[{"href":"http:\/\/realitatearutiera.ro\/index.php?rest_route=\/wp\/v2\/posts"}],"about":[{"href":"http:\/\/realitatearutiera.ro\/index.php?rest_route=\/wp\/v2\/types\/post"}],"author":[{"embeddable":true,"href":"http:\/\/realitatearutiera.ro\/index.php?rest_route=\/wp\/v2\/users\/1"}],"replies":[{"embeddable":true,"href":"http:\/\/realitatearutiera.ro\/index.php?rest_route=%2Fwp%2Fv2%2Fcomments&post=75037"}],"version-history":[{"count":1,"href":"http:\/\/realitatearutiera.ro\/index.php?rest_route=\/wp\/v2\/posts\/75037\/revisions"}],"predecessor-version":[{"id":75039,"href":"http:\/\/realitatearutiera.ro\/index.php?rest_route=\/wp\/v2\/posts\/75037\/revisions\/75039"}],"wp:featuredmedia":[{"embeddable":true,"href":"http:\/\/realitatearutiera.ro\/index.php?rest_route=\/wp\/v2\/media\/75038"}],"wp:attachment":[{"href":"http:\/\/realitatearutiera.ro\/index.php?rest_route=%2Fwp%2Fv2%2Fmedia&parent=75037"}],"wp:term":[{"taxonomy":"category","embeddable":true,"href":"http:\/\/realitatearutiera.ro\/index.php?rest_route=%2Fwp%2Fv2%2Fcategories&post=75037"},{"taxonomy":"post_tag","embeddable":true,"href":"http:\/\/realitatearutiera.ro\/index.php?rest_route=%2Fwp%2Fv2%2Ftags&post=75037"}],"curies":[{"name":"wp","href":"https:\/\/api.w.org\/{rel}","templated":true}]}}