{"id":75227,"date":"2021-04-14T10:58:46","date_gmt":"2021-04-14T07:58:46","guid":{"rendered":"http:\/\/realitatearutiera.ro\/?p=75227"},"modified":"2021-04-14T10:58:50","modified_gmt":"2021-04-14T07:58:50","slug":"un-accident-rutier-mortal-s-a-petrecut-miercuri-seara-pe-soseaua-hunedoara-deva","status":"publish","type":"post","link":"http:\/\/realitatearutiera.ro\/?p=75227","title":{"rendered":"Un accident rutier mortal s-a petrecut, miercuri seara, pe \u015foseaua Hunedoara \u2013 Deva"},"content":{"rendered":"\n<p>Un accident rutier cumplit a avut loc, miercuri seara, pe \u015foseaua Hunedoara \u2013 Deva. Tragedia a fost produs\u0103 de un t\u00e2n\u0103r. Un accident rutier mortal s-a petrecut, miercuri seara, pe \u015foseaua Hunedoara \u2013 Deva (Drumul Jude\u0163ean 687), \u00een zona podului de la Pe\u015fti\u015ful Mare. <\/p>\n\n\n\n<p> Un t\u00e2n\u0103r a murit, altul a fost adus \u00een stare critic\u0103 la spital Curs\u0103 nebun\u0103 \u00een Hunedoara: un \u015fofer a \u201ezburat\u201d cu ma\u015fina dup\u0103 impactul brutal cu bordura VIDEO<\/p>\n\n\n\n<p> Doi tineri circulau cu un autoturism dinspre Hunedoara spre Deva, iar \u00een dreptul podului, b\u0103rbatul aflat la volan, \u00een v\u00e2rst\u0103 de 29 de ani, a pierdut controlul direc\u0163iei, a lovit parape\u0163ii din beton \u015fi s-a r\u0103stunrat cu ma\u015fina \u00eentr-o r\u00e2p\u0103 de circa 10 metri, lovind \u015fi un copac.<\/p>\n\n\n\n<figure class=\"wp-block-image\"><img decoding=\"async\" src=\"https:\/\/i0.wp.com\/adevarul.ro\/assets\/adevarul.ro\/MRImage\/2021\/03\/31\/6064c8d55163ec42717e05c5\/646x404.jpg?w=800&#038;ssl=1\" alt=\"\" data-recalc-dims=\"1\"\/><\/figure>\n\n\n\n<p>c. Accident mortal. Foto: Daniel Gu\u0163\u0103. ADEV\u0102RUL <\/p>\n\n\n\n<p>\u201eEchipajele de prim ajutor \u015fi descarcerare \u015fi echipa Seviciului de Ambulan\u0163\u0103 Jude\u0163ean Hunedoara au g\u0103sit \u00een autoturismul ie\u015fit de pe partea carosabil\u0103 un t\u00e2n\u0103r de 29 de ani r\u0103nit \u015fi un pasager aflat \u00een stop cardio respirator, ambii \u00eencarcera\u0163i. Concomitent cu opera\u0163iunile de descarcerare s-au def\u0103\u015furat manevrele de stabilizare a victimelor. <\/p>\n\n\n\n<p>Din p\u0103cate unul dintre tineri a decedat. Conduc\u0103torul autoturismului a fost stabilizat de echipele medicale \u015fi transportat cu ambulan\u0163a la Unitatea de Primiri Urgen\u0163e din Deva\u201d, a informat Anemona Doda, purt\u0103toarea de cuv\u00e2nt a Inspectoratului pentru Situa\u0163ii de Urgen\u0163\u0103 Hunedoara. Pasagerul decedat avea 28 de ani \u015fi era din Deva. <\/p>\n\n\n\n<p>Din primele cercet\u0103ri efectuate de poli\u0163i\u015fti, s-a stabilit c\u0103 un conduc\u0103tor auto a pierdut controlul volanului \u015fi s-a r\u0103sturnat cu autoturismul \u00een afara p\u0103r\u0163ii carosabile, dup\u0103 ce a lovit un copac.<\/p>\n\n\n\n<figure class=\"wp-block-image\"><img decoding=\"async\" src=\"https:\/\/i0.wp.com\/adevarul.ro\/assets\/adevarul.ro\/MRImage\/2021\/03\/31\/6064c8ae5163ec42717e04b5\/646x404.jpg?w=800&#038;ssl=1\" alt=\"\" data-recalc-dims=\"1\"\/><\/figure>\n\n\n\n<p> Accident mortal. Foto: Daniel Gu\u0163\u0103. ADEV\u0102RUL <\/p>\n\n\n\n<p>\u201eDin p\u0103cate, pasagerul a fost extras din ma\u015fin\u0103 decedat, \u00een timp ce conduc\u0103torul auto, un t\u00e2n\u0103r de 29 de ani, din Deva, a fost descarcerat con\u015ftient. Conduc\u0103torul auto a negat c\u0103 ar fi condus autoturismul, afirm\u00e2nd c\u0103 persoana decedat\u0103 ar fi fost la volan. Conduc\u0103torul auto a prezentat o concentra\u0163ie de 0,51 mg\/l \u00een aerul expirat. \u00cen cauz\u0103 s-a \u00eentocmit dosar penal pentru ucidere din culp\u0103 \u015fi conducere sub influen\u0163a b\u0103uturilor alcoolice\u201d, a informat Bogdan Ni\u0163u, purt\u0103torul de cuv\u00e2nt al Inspectoratului de Poli\u0163ie Jude\u0163ean Hunedoara.<\/p>\n\n\n\n<p>Sursa:adevarul<\/p>\n","protected":false},"excerpt":{"rendered":"<p>Un accident rutier cumplit a avut loc, miercuri seara, pe \u015foseaua Hunedoara \u2013 Deva. Tragedia a fost produs\u0103 de un<\/p>\n","protected":false},"author":1,"featured_media":72346,"comment_status":"closed","ping_status":"closed","sticky":false,"template":"","format":"standard","meta":{"spay_email":"","footnotes":"","jetpack_publicize_message":""},"categories":[1],"tags":[],"class_list":["post-75227","post","type-post","status-publish","format-standard","has-post-thumbnail","hentry","category-uncategorized"],"jetpack_featured_media_url":"https:\/\/i2.wp.com\/realitatearutiera.ro\/wp-content\/uploads\/2021\/01\/accident_68411200.jpg?fit=1280%2C720","jetpack_publicize_connections":[],"jetpack_sharing_enabled":true,"jetpack_shortlink":"https:\/\/wp.me\/p61naM-jzl","jetpack-related-posts":[],"_links":{"self":[{"href":"http:\/\/realitatearutiera.ro\/index.php?rest_route=\/wp\/v2\/posts\/75227","targetHints":{"allow":["GET"]}}],"collection":[{"href":"http:\/\/realitatearutiera.ro\/index.php?rest_route=\/wp\/v2\/posts"}],"about":[{"href":"http:\/\/realitatearutiera.ro\/index.php?rest_route=\/wp\/v2\/types\/post"}],"author":[{"embeddable":true,"href":"http:\/\/realitatearutiera.ro\/index.php?rest_route=\/wp\/v2\/users\/1"}],"replies":[{"embeddable":true,"href":"http:\/\/realitatearutiera.ro\/index.php?rest_route=%2Fwp%2Fv2%2Fcomments&post=75227"}],"version-history":[{"count":1,"href":"http:\/\/realitatearutiera.ro\/index.php?rest_route=\/wp\/v2\/posts\/75227\/revisions"}],"predecessor-version":[{"id":75228,"href":"http:\/\/realitatearutiera.ro\/index.php?rest_route=\/wp\/v2\/posts\/75227\/revisions\/75228"}],"wp:featuredmedia":[{"embeddable":true,"href":"http:\/\/realitatearutiera.ro\/index.php?rest_route=\/wp\/v2\/media\/72346"}],"wp:attachment":[{"href":"http:\/\/realitatearutiera.ro\/index.php?rest_route=%2Fwp%2Fv2%2Fmedia&parent=75227"}],"wp:term":[{"taxonomy":"category","embeddable":true,"href":"http:\/\/realitatearutiera.ro\/index.php?rest_route=%2Fwp%2Fv2%2Fcategories&post=75227"},{"taxonomy":"post_tag","embeddable":true,"href":"http:\/\/realitatearutiera.ro\/index.php?rest_route=%2Fwp%2Fv2%2Ftags&post=75227"}],"curies":[{"name":"wp","href":"https:\/\/api.w.org\/{rel}","templated":true}]}}