{"id":75230,"date":"2021-04-15T08:12:51","date_gmt":"2021-04-15T05:12:51","guid":{"rendered":"http:\/\/realitatearutiera.ro\/?p=75230"},"modified":"2021-04-15T08:13:02","modified_gmt":"2021-04-15T05:13:02","slug":"judetul-vrancea-circulatie-ingreunata-pe-dn-2-din-cauza-unui-accident","status":"publish","type":"post","link":"http:\/\/realitatearutiera.ro\/?p=75230","title":{"rendered":"JUDE\u021aUL VRANCEA: CIRCULA\u021aIE \u00ceNGREUNAT\u0102 PE DN 2, DIN CAUZA UNUI ACCIDENT"},"content":{"rendered":"\n<p><strong>Ora:&nbsp;<\/strong>06:35<\/p>\n\n\n\n<p><strong>Centrul INFOTRAFIC din Inspectoratul General al Poli\u021biei Rom\u00e2ne&nbsp;<\/strong>informeaz\u0103 c\u0103, din cauza unui eveniment rutier \u00een care au fost implicate dou\u0103 autoturisme \u0219i un autotren, produs pe DN 2 Foc\u0219ani &#8211; Adjud, pe raza localit\u0103\u021bii Garoafa, jude\u021bul Vrancea, circula\u021bia se desf\u0103\u0219oar\u0103 pe un fir, prin dirijare. Trei persoane r\u0103nite necesit\u0103 \u00eengrijiri medicale.<\/p>\n\n\n\n<p>Se estimeaz\u0103 reluarea traficului \u00een condi\u021bii normale \u00een 40 de minute.<\/p>\n","protected":false},"excerpt":{"rendered":"<p>Ora:&nbsp;06:35 Centrul INFOTRAFIC din Inspectoratul General al Poli\u021biei Rom\u00e2ne&nbsp;informeaz\u0103 c\u0103, din cauza unui eveniment rutier \u00een care au fost implicate<\/p>\n","protected":false},"author":1,"featured_media":56506,"comment_status":"closed","ping_status":"closed","sticky":false,"template":"","format":"standard","meta":{"spay_email":"","footnotes":"","jetpack_publicize_message":""},"categories":[54],"tags":[],"class_list":["post-75230","post","type-post","status-publish","format-standard","has-post-thumbnail","hentry","category-informatii-rutiere"],"jetpack_featured_media_url":"https:\/\/i2.wp.com\/realitatearutiera.ro\/wp-content\/uploads\/2019\/11\/info-trafic-observatorulnational-1.png?fit=1222%2C748","jetpack_publicize_connections":[],"jetpack_sharing_enabled":true,"jetpack_shortlink":"https:\/\/wp.me\/p61naM-jzo","jetpack-related-posts":[],"_links":{"self":[{"href":"http:\/\/realitatearutiera.ro\/index.php?rest_route=\/wp\/v2\/posts\/75230","targetHints":{"allow":["GET"]}}],"collection":[{"href":"http:\/\/realitatearutiera.ro\/index.php?rest_route=\/wp\/v2\/posts"}],"about":[{"href":"http:\/\/realitatearutiera.ro\/index.php?rest_route=\/wp\/v2\/types\/post"}],"author":[{"embeddable":true,"href":"http:\/\/realitatearutiera.ro\/index.php?rest_route=\/wp\/v2\/users\/1"}],"replies":[{"embeddable":true,"href":"http:\/\/realitatearutiera.ro\/index.php?rest_route=%2Fwp%2Fv2%2Fcomments&post=75230"}],"version-history":[{"count":1,"href":"http:\/\/realitatearutiera.ro\/index.php?rest_route=\/wp\/v2\/posts\/75230\/revisions"}],"predecessor-version":[{"id":75231,"href":"http:\/\/realitatearutiera.ro\/index.php?rest_route=\/wp\/v2\/posts\/75230\/revisions\/75231"}],"wp:featuredmedia":[{"embeddable":true,"href":"http:\/\/realitatearutiera.ro\/index.php?rest_route=\/wp\/v2\/media\/56506"}],"wp:attachment":[{"href":"http:\/\/realitatearutiera.ro\/index.php?rest_route=%2Fwp%2Fv2%2Fmedia&parent=75230"}],"wp:term":[{"taxonomy":"category","embeddable":true,"href":"http:\/\/realitatearutiera.ro\/index.php?rest_route=%2Fwp%2Fv2%2Fcategories&post=75230"},{"taxonomy":"post_tag","embeddable":true,"href":"http:\/\/realitatearutiera.ro\/index.php?rest_route=%2Fwp%2Fv2%2Ftags&post=75230"}],"curies":[{"name":"wp","href":"https:\/\/api.w.org\/{rel}","templated":true}]}}