{"id":78120,"date":"2021-07-30T10:13:00","date_gmt":"2021-07-30T07:13:00","guid":{"rendered":"http:\/\/realitatearutiera.ro\/?p=78120"},"modified":"2021-07-30T10:13:05","modified_gmt":"2021-07-30T07:13:05","slug":"autostrada-a1-sibiu-deva-trafic-restrictionat-pentru-efectuarea-de-lucrari-3","status":"publish","type":"post","link":"http:\/\/realitatearutiera.ro\/?p=78120","title":{"rendered":"AUTOSTRADA A1 SIBIU &#8211; DEVA: TRAFIC RESTRIC\u021aIONAT, PENTRU EFECTUAREA DE LUCR\u0102RI"},"content":{"rendered":"\n<p><strong>Ora:&nbsp;<\/strong>09:45<\/p>\n\n\n\n<p><strong>Centrul INFOTRAFIC din Inspectoratul General al Poli\u021biei Rom\u00e2ne&nbsp;<\/strong>informeaz\u0103 c\u0103 ast\u0103zi, p\u00e2n\u0103 la ora 18.00, pe Autostrada A1 pe sensul dinspre Sibiu c\u0103tre Deva, \u00eentre kilometrii 277 \u2013 280, \u00een zona localit\u0103\u021bii Apoldu de Jos, jude\u021bul Sibiu, este restric\u021bionat\u0103 circula\u021bia pe prima band\u0103 \u0219i pe cea de urgen\u021b\u0103, pentru efectuarea lucr\u0103rilor de repara\u021bii la partea carosabil\u0103.<\/p>\n\n\n\n<p>Recomand\u0103m conduc\u0103torilor auto s\u0103 ruleze viteza adaptat\u0103, s\u0103 creasc\u0103 distan\u021ba de siguran\u021b\u0103 \u00eentre autovehicule \u015fi s\u0103 se asigure temeinic \u00eenaintea schimb\u0103rii benzii, semnaliz\u00e2nd aceast\u0103 inten\u021bie.<\/p>\n","protected":false},"excerpt":{"rendered":"<p>Ora:&nbsp;09:45 Centrul INFOTRAFIC din Inspectoratul General al Poli\u021biei Rom\u00e2ne&nbsp;informeaz\u0103 c\u0103 ast\u0103zi, p\u00e2n\u0103 la ora 18.00, pe Autostrada A1 pe sensul<\/p>\n","protected":false},"author":1,"featured_media":49546,"comment_status":"closed","ping_status":"closed","sticky":false,"template":"","format":"standard","meta":{"spay_email":"","footnotes":"","jetpack_publicize_message":""},"categories":[54],"tags":[],"class_list":["post-78120","post","type-post","status-publish","format-standard","has-post-thumbnail","hentry","category-informatii-rutiere"],"jetpack_featured_media_url":"https:\/\/i0.wp.com\/realitatearutiera.ro\/wp-content\/uploads\/2019\/05\/lucrari-2-800x445.jpg?fit=800%2C445","jetpack_publicize_connections":[],"jetpack_sharing_enabled":true,"jetpack_shortlink":"https:\/\/wp.me\/p61naM-kk0","jetpack-related-posts":[],"_links":{"self":[{"href":"http:\/\/realitatearutiera.ro\/index.php?rest_route=\/wp\/v2\/posts\/78120","targetHints":{"allow":["GET"]}}],"collection":[{"href":"http:\/\/realitatearutiera.ro\/index.php?rest_route=\/wp\/v2\/posts"}],"about":[{"href":"http:\/\/realitatearutiera.ro\/index.php?rest_route=\/wp\/v2\/types\/post"}],"author":[{"embeddable":true,"href":"http:\/\/realitatearutiera.ro\/index.php?rest_route=\/wp\/v2\/users\/1"}],"replies":[{"embeddable":true,"href":"http:\/\/realitatearutiera.ro\/index.php?rest_route=%2Fwp%2Fv2%2Fcomments&post=78120"}],"version-history":[{"count":1,"href":"http:\/\/realitatearutiera.ro\/index.php?rest_route=\/wp\/v2\/posts\/78120\/revisions"}],"predecessor-version":[{"id":78121,"href":"http:\/\/realitatearutiera.ro\/index.php?rest_route=\/wp\/v2\/posts\/78120\/revisions\/78121"}],"wp:featuredmedia":[{"embeddable":true,"href":"http:\/\/realitatearutiera.ro\/index.php?rest_route=\/wp\/v2\/media\/49546"}],"wp:attachment":[{"href":"http:\/\/realitatearutiera.ro\/index.php?rest_route=%2Fwp%2Fv2%2Fmedia&parent=78120"}],"wp:term":[{"taxonomy":"category","embeddable":true,"href":"http:\/\/realitatearutiera.ro\/index.php?rest_route=%2Fwp%2Fv2%2Fcategories&post=78120"},{"taxonomy":"post_tag","embeddable":true,"href":"http:\/\/realitatearutiera.ro\/index.php?rest_route=%2Fwp%2Fv2%2Ftags&post=78120"}],"curies":[{"name":"wp","href":"https:\/\/api.w.org\/{rel}","templated":true}]}}