{"id":79183,"date":"2021-09-17T09:27:00","date_gmt":"2021-09-17T06:27:00","guid":{"rendered":"http:\/\/realitatearutiera.ro\/?p=79183"},"modified":"2021-09-17T09:27:05","modified_gmt":"2021-09-17T06:27:05","slug":"accident-mortal-la-vacareni-un-carutas-a-murit","status":"publish","type":"post","link":"http:\/\/realitatearutiera.ro\/?p=79183","title":{"rendered":"Accident mortal la V\u0103c\u0103reni: un c\u0103ru\u0163a\u015f a murit"},"content":{"rendered":"\n<p>\u00cen seara zilei de 16 septembrie, poli\u0163i\u015ftii tulceni au fost sesiza\u0163i cu privire la faptul c\u0103, pe DN 22 E 87, pe raza comunei V\u0103c\u0103reni, jude\u0163ul Tulcea, a avut loc un accident de circula\u0163ie, soldat cu decesul unei persoane. <\/p>\n\n\n\n<figure class=\"wp-block-image is-resized\"><img loading=\"lazy\" decoding=\"async\" src=\"https:\/\/i2.wp.com\/adevarul.ro\/assets\/adevarul.ro\/MRImage\/2021\/09\/17\/61442bee5163ec427152cf4d\/646x404.jpg?resize=421%2C263&#038;ssl=1\" alt=\"Accident mortal la V\u0103c\u0103reni: un c\u0103ru\u0163a\u015f a murit\" width=\"421\" height=\"263\" data-recalc-dims=\"1\" \/><\/figure>\n\n\n\n<p>Din primele verific\u0103ri efectuate la fa\u0163a locului, poli\u0163i\u015ftii au constatat c\u0103, un auto condus de un b\u0103rbat de 26 de ani a intrat \u00een coliziune cu un atelaj cu trac\u0163iune animal\u0103, condus de un b\u0103rbat de 30 de ani.\u00a0<\/p>\n\n\n\n<p> \u00a0 \u00cen urma accidentului a rezultat decesul b\u0103rbatului de 30 de ani. Conduc\u0103torul auto poseda permis de conducere corespunz\u0103tor \u015fi nu se afla sub influen\u0163a b\u0103uturilor alcoolice.\u00a0 \u00a0<\/p>\n\n\n\n<p> \u00cen cauz\u0103 a fost \u00eentocmit dosar de cercetare penal\u0103 \u015fi \u00een continuare poli\u0163i\u015ftii efectueaz\u0103 verific\u0103ri \u00een vederea stabilirii cu exactitate a tuturor cauzelor \u015fi circumstan\u0163elor producerii accidentului. \u00a0<\/p>\n\n\n\n<p>Sursa:adevarul<\/p>\n","protected":false},"excerpt":{"rendered":"<p>\u00cen seara zilei de 16 septembrie, poli\u0163i\u015ftii tulceni au fost sesiza\u0163i cu privire la faptul c\u0103, pe DN 22 E<\/p>\n","protected":false},"author":1,"featured_media":79184,"comment_status":"open","ping_status":"closed","sticky":false,"template":"","format":"standard","meta":{"spay_email":"","footnotes":"","jetpack_publicize_message":""},"categories":[1],"tags":[],"class_list":["post-79183","post","type-post","status-publish","format-standard","has-post-thumbnail","hentry","category-uncategorized"],"jetpack_featured_media_url":"https:\/\/i0.wp.com\/realitatearutiera.ro\/wp-content\/uploads\/2021\/09\/Accident-cumplit-provocat-de-o-soferita-de-19-ani-Un-barbat-a-murit-pe-bancheta-din-spate-a-masinii-izbite-violent-de-un-copac.jpg?fit=240%2C180","jetpack_publicize_connections":[],"jetpack_sharing_enabled":true,"jetpack_shortlink":"https:\/\/wp.me\/p61naM-kB9","jetpack-related-posts":[],"_links":{"self":[{"href":"http:\/\/realitatearutiera.ro\/index.php?rest_route=\/wp\/v2\/posts\/79183","targetHints":{"allow":["GET"]}}],"collection":[{"href":"http:\/\/realitatearutiera.ro\/index.php?rest_route=\/wp\/v2\/posts"}],"about":[{"href":"http:\/\/realitatearutiera.ro\/index.php?rest_route=\/wp\/v2\/types\/post"}],"author":[{"embeddable":true,"href":"http:\/\/realitatearutiera.ro\/index.php?rest_route=\/wp\/v2\/users\/1"}],"replies":[{"embeddable":true,"href":"http:\/\/realitatearutiera.ro\/index.php?rest_route=%2Fwp%2Fv2%2Fcomments&post=79183"}],"version-history":[{"count":1,"href":"http:\/\/realitatearutiera.ro\/index.php?rest_route=\/wp\/v2\/posts\/79183\/revisions"}],"predecessor-version":[{"id":79185,"href":"http:\/\/realitatearutiera.ro\/index.php?rest_route=\/wp\/v2\/posts\/79183\/revisions\/79185"}],"wp:featuredmedia":[{"embeddable":true,"href":"http:\/\/realitatearutiera.ro\/index.php?rest_route=\/wp\/v2\/media\/79184"}],"wp:attachment":[{"href":"http:\/\/realitatearutiera.ro\/index.php?rest_route=%2Fwp%2Fv2%2Fmedia&parent=79183"}],"wp:term":[{"taxonomy":"category","embeddable":true,"href":"http:\/\/realitatearutiera.ro\/index.php?rest_route=%2Fwp%2Fv2%2Fcategories&post=79183"},{"taxonomy":"post_tag","embeddable":true,"href":"http:\/\/realitatearutiera.ro\/index.php?rest_route=%2Fwp%2Fv2%2Ftags&post=79183"}],"curies":[{"name":"wp","href":"https:\/\/api.w.org\/{rel}","templated":true}]}}