{"id":79322,"date":"2021-09-22T10:00:49","date_gmt":"2021-09-22T07:00:49","guid":{"rendered":"http:\/\/realitatearutiera.ro\/?p=79322"},"modified":"2021-09-22T10:00:57","modified_gmt":"2021-09-22T07:00:57","slug":"echinoctiu-de-toamna-2021","status":"publish","type":"post","link":"http:\/\/realitatearutiera.ro\/?p=79322","title":{"rendered":"Echinoc\u021biu de toamn\u0103 2021"},"content":{"rendered":"\n<p>\u00cen 2021, echinoc\u0163iul de toamn\u0103 are loc la 22 septembrie, la ora 22:21 \u015fi reprezint\u0103 momentul \u00een care Soarele, \u00een mi\u015fcarea sa aparent\u0103 anual\u0103, trece prin punctul de intersec\u0163ie a eclipticii cu ecuatorul ceresc, potrivit site-ului www.astro-urseanu.ro.<\/p>\n\n\n\n<figure class=\"wp-block-image is-resized\"><img loading=\"lazy\" decoding=\"async\" src=\"https:\/\/i1.wp.com\/cdn.knd.ro\/media\/521\/2862\/1665\/20169844\/1\/echinoctiul-de-toamna.jpg?resize=575%2C342&#038;ssl=1\" alt=\"Echinoc\u021biul de toamn\u0103 2021. C\u00e2nd pic\u0103 echinoc\u021biul de toamn\u0103 \u00een acest an \u0219i  ce semnific\u0103 acest fenomen - Kanal D Romania\" width=\"575\" height=\"342\" data-recalc-dims=\"1\" \/><\/figure>\n\n\n\n<p>Trecerea \u00een anotimpul toamna, din punct de vedere astronomic, este marcat\u0103 de echinoc\u0163iul de toamn\u0103, moment \u00een care ziua este egal\u0103 cu noaptea \u00een orice loc de pe P\u0103m\u00e2nt. Exist\u0103 dou\u0103 astfel de fenomene: echinoc\u0163iul de prim\u0103var\u0103 \u015fi echinoc\u0163iul de toamn\u0103.<\/p>\n\n\n\n<p>De la un an la altul, fenomenul nu se produce la aceea\u015fi dat\u0103 datorit\u0103 faptului c\u0103 anul calendaristic nu este egal cu cel tropic. De c\u00e2nd a fost alc\u0103tuit calendarul gregorian (1582), echinoc\u0163iul de toamn\u0103 s-a produs \u00een zilele de 21, 22, 23 sau 24 septembrie, mai des \u00eens\u0103 la 22 sau 23 septembrie.<\/p>\n\n\n\n<p>Dup\u0103 echinoc\u0163iul de toamn\u0103, ziua (perioada de timp iluminat\u0103 de Soare \u00eentr-un ciclu de 24 de ore) devine tot mai mic\u0103 iar noaptea tot mai mare p\u00e2n\u0103 la solsti\u0163iul de iarn\u0103, din 21 decembrie 2020.<\/p>\n\n\n\n<p>Cele dou\u0103 puncte de pe ecliptic\u0103 \u00een care se afl\u0103 Soarele \u00een momentul echinoc\u0163iului se numesc puncte echinoc\u0163iale, fiind denumite punctul vernal \u015fi, respectiv, punctul autumnal. Cuv\u00e2ntul \u201cechinoc\u0163iu\u201d deriv\u0103 din cuv\u00e2ntul francez \u201d\u00e9quinoxe\u201d, care, la r\u00e2ndul lui, provine din latinescul \u201caequinoctium\u201d, format din \u201caequus\u201d &#8211; \u201cegal\u201d \u015fi \u201cnox\u201d, \u201cnoctis\u201d &#8211; \u201cnoapte\u201d.<\/p>\n\n\n\n<p>Calendarul popular p\u0103streaz\u0103 \u00een zona echinoc\u0163iului de toamn\u0103 amintirea unui str\u0103vechi \u00eenceput de an, marcat de moartea \u015fi rena\u015fterea Zei\u0163ei Mum\u0103, de origine neolitic\u0103, peste care p\u0103rin\u0163ii bisericii cre\u015ftine au suprapus moartea, numit\u0103 Adormirea (15 august), \u015fi na\u015fterea Fecioarei Maria (8 septembrie).<\/p>\n\n\n\n<p>La 8 septembrie, s\u0103rb\u0103toarea Na\u015fterea Maicii Domnului (Sf\u00e2nta Maria Mic\u0103) marcheaz\u0103 sf\u00e2r\u015fitul verii \u015fi \u00eenceputul toamnei. Unele obiceiuri ale s\u0103rb\u0103torii au fost preluate de urm\u0103toarea s\u0103rb\u0103toare din calendarul cre\u015ftin, \u00cen\u0103l\u0163area Sfintei Cruci (14 septembrie). La aceste s\u0103rb\u0103tori, hotar \u00eentre vara \u015fi iarna anului agrar, oamenii de la sate desf\u0103\u015furau numeroase practici cultice, profilactice \u015fi economice (observa\u0163ii astronomice \u015fi pronosticuri meteorologice, culegerea plantelor de leac \u015fi altele), potrivit etnologului Ion Ghinoiu (volumul \u2033Zile \u015fi mituri. Calendarul \u0163\u0103ranului rom\u00e2n\u2033\u2063, 2000).<\/p>\n\n\n\n<p>Vremea se r\u0103ce\u015fte, \u00eencepe migra\u0163ia p\u0103s\u0103rilor, iar o vorb\u0103 popular\u0103 spune c\u0103 acum se schimb\u0103 p\u0103l\u0103ria cu c\u0103ciula.<\/p>\n\n\n\n<p>Sursa:stirileprotv<\/p>\n","protected":false},"excerpt":{"rendered":"<p>\u00cen 2021, echinoc\u0163iul de toamn\u0103 are loc la 22 septembrie, la ora 22:21 \u015fi reprezint\u0103 momentul \u00een care Soarele, \u00een<\/p>\n","protected":false},"author":1,"featured_media":79324,"comment_status":"open","ping_status":"closed","sticky":false,"template":"","format":"standard","meta":{"spay_email":"","footnotes":"","jetpack_publicize_message":""},"categories":[6],"tags":[],"class_list":["post-79322","post","type-post","status-publish","format-standard","has-post-thumbnail","hentry","category-social"],"jetpack_featured_media_url":"http:\/\/realitatearutiera.ro\/wp-content\/uploads\/2021\/09\/echinoctiul-de-toamna-2021-toamna-astronomica.webp","jetpack_publicize_connections":[],"jetpack_sharing_enabled":true,"jetpack_shortlink":"https:\/\/wp.me\/p61naM-kDo","jetpack-related-posts":[],"_links":{"self":[{"href":"http:\/\/realitatearutiera.ro\/index.php?rest_route=\/wp\/v2\/posts\/79322","targetHints":{"allow":["GET"]}}],"collection":[{"href":"http:\/\/realitatearutiera.ro\/index.php?rest_route=\/wp\/v2\/posts"}],"about":[{"href":"http:\/\/realitatearutiera.ro\/index.php?rest_route=\/wp\/v2\/types\/post"}],"author":[{"embeddable":true,"href":"http:\/\/realitatearutiera.ro\/index.php?rest_route=\/wp\/v2\/users\/1"}],"replies":[{"embeddable":true,"href":"http:\/\/realitatearutiera.ro\/index.php?rest_route=%2Fwp%2Fv2%2Fcomments&post=79322"}],"version-history":[{"count":1,"href":"http:\/\/realitatearutiera.ro\/index.php?rest_route=\/wp\/v2\/posts\/79322\/revisions"}],"predecessor-version":[{"id":79325,"href":"http:\/\/realitatearutiera.ro\/index.php?rest_route=\/wp\/v2\/posts\/79322\/revisions\/79325"}],"wp:featuredmedia":[{"embeddable":true,"href":"http:\/\/realitatearutiera.ro\/index.php?rest_route=\/wp\/v2\/media\/79324"}],"wp:attachment":[{"href":"http:\/\/realitatearutiera.ro\/index.php?rest_route=%2Fwp%2Fv2%2Fmedia&parent=79322"}],"wp:term":[{"taxonomy":"category","embeddable":true,"href":"http:\/\/realitatearutiera.ro\/index.php?rest_route=%2Fwp%2Fv2%2Fcategories&post=79322"},{"taxonomy":"post_tag","embeddable":true,"href":"http:\/\/realitatearutiera.ro\/index.php?rest_route=%2Fwp%2Fv2%2Ftags&post=79322"}],"curies":[{"name":"wp","href":"https:\/\/api.w.org\/{rel}","templated":true}]}}