{"id":79326,"date":"2021-09-22T10:24:40","date_gmt":"2021-09-22T07:24:40","guid":{"rendered":"http:\/\/realitatearutiera.ro\/?p=79326"},"modified":"2021-09-22T10:36:48","modified_gmt":"2021-09-22T07:36:48","slug":"accident-grav-in-ialomita-4-oameni-au-murit","status":"publish","type":"post","link":"http:\/\/realitatearutiera.ro\/?p=79326","title":{"rendered":"Accident grav \u00een Ialomi\u021ba. 4 oameni au murit"},"content":{"rendered":"\n<p><strong>Patru persoane au murit \u0219i dou\u0103 au fost r\u0103nite \u00eentr-un accident rutier pe Drumul Na\u021bional 2, \u00een jude\u0163ul Ialomi\u0163a. Dou\u0103 autoutilitare \u0219i un autoturism au fost implicate \u00een coliziune.<\/strong><\/p>\n\n\n\n<figure class=\"wp-block-image is-resized\"><img loading=\"lazy\" decoding=\"async\" src=\"https:\/\/i2.wp.com\/s.iw.ro\/gateway\/g\/ZmlsZVNvdXJjZT1odHRwJTNBJTJGJTJG\/c3RvcmFnZTA3dHJhbnNjb2Rlci5yY3Mt\/cmRzLnJvJTJGc3RvcmFnZSUyRjIwMjEl\/MkYwOSUyRjIyJTJGMTM4ODEzMV8xMzg4\/MTMxX2FjY2lkZW50LWlhbG9taXRhLWlz\/dS5qcGcmdz03ODAmaD00NDAmaGFzaD1m\/MGFmZmFmOWM1ZTJiODM1NTRjNjRmZGIxYTUyNDMzOQ==.thumb.jpg?resize=499%2C281&#038;ssl=1\" alt=\"accident ialomita isu\" width=\"499\" height=\"281\" data-recalc-dims=\"1\" \/><\/figure>\n\n\n\n<p>Un elicopter SMURD a ajuns la fa\u021ba locului pentru a prelua r\u0103ni\u021bii.<\/p>\n\n\n\n<p>Potrivit Poli\u021biei, accidentul s-a produs pe DN 2, \u00eentre localit\u0103\u021bile Movili\u021ba \u0219i Sine\u0219ti.<\/p>\n\n\n\n<p>\u00cen urma impactului au rezultat 6 victime, dintre care 4 persoane decedate, potrivit ISU.<\/p>\n\n\n\n<p>Traficul \u00een zon\u0103 este blocat.<\/p>\n\n\n\n<p>Sursa:digi24<\/p>\n","protected":false},"excerpt":{"rendered":"<p>Patru persoane au murit \u0219i dou\u0103 au fost r\u0103nite \u00eentr-un accident rutier pe Drumul Na\u021bional 2, \u00een jude\u0163ul Ialomi\u0163a. Dou\u0103<\/p>\n","protected":false},"author":1,"featured_media":78594,"comment_status":"open","ping_status":"closed","sticky":false,"template":"","format":"standard","meta":{"spay_email":"","footnotes":"","jetpack_publicize_message":""},"categories":[1],"tags":[],"class_list":["post-79326","post","type-post","status-publish","format-standard","has-post-thumbnail","hentry","category-uncategorized"],"jetpack_featured_media_url":"https:\/\/i0.wp.com\/realitatearutiera.ro\/wp-content\/uploads\/2021\/08\/accident-brasov.jpg?fit=800%2C450","jetpack_publicize_connections":[],"jetpack_sharing_enabled":true,"jetpack_shortlink":"https:\/\/wp.me\/p61naM-kDs","jetpack-related-posts":[],"_links":{"self":[{"href":"http:\/\/realitatearutiera.ro\/index.php?rest_route=\/wp\/v2\/posts\/79326","targetHints":{"allow":["GET"]}}],"collection":[{"href":"http:\/\/realitatearutiera.ro\/index.php?rest_route=\/wp\/v2\/posts"}],"about":[{"href":"http:\/\/realitatearutiera.ro\/index.php?rest_route=\/wp\/v2\/types\/post"}],"author":[{"embeddable":true,"href":"http:\/\/realitatearutiera.ro\/index.php?rest_route=\/wp\/v2\/users\/1"}],"replies":[{"embeddable":true,"href":"http:\/\/realitatearutiera.ro\/index.php?rest_route=%2Fwp%2Fv2%2Fcomments&post=79326"}],"version-history":[{"count":1,"href":"http:\/\/realitatearutiera.ro\/index.php?rest_route=\/wp\/v2\/posts\/79326\/revisions"}],"predecessor-version":[{"id":79327,"href":"http:\/\/realitatearutiera.ro\/index.php?rest_route=\/wp\/v2\/posts\/79326\/revisions\/79327"}],"wp:featuredmedia":[{"embeddable":true,"href":"http:\/\/realitatearutiera.ro\/index.php?rest_route=\/wp\/v2\/media\/78594"}],"wp:attachment":[{"href":"http:\/\/realitatearutiera.ro\/index.php?rest_route=%2Fwp%2Fv2%2Fmedia&parent=79326"}],"wp:term":[{"taxonomy":"category","embeddable":true,"href":"http:\/\/realitatearutiera.ro\/index.php?rest_route=%2Fwp%2Fv2%2Fcategories&post=79326"},{"taxonomy":"post_tag","embeddable":true,"href":"http:\/\/realitatearutiera.ro\/index.php?rest_route=%2Fwp%2Fv2%2Ftags&post=79326"}],"curies":[{"name":"wp","href":"https:\/\/api.w.org\/{rel}","templated":true}]}}