{"id":79331,"date":"2021-09-22T10:47:28","date_gmt":"2021-09-22T07:47:28","guid":{"rendered":"http:\/\/realitatearutiera.ro\/?p=79331"},"modified":"2021-09-22T10:47:33","modified_gmt":"2021-09-22T07:47:33","slug":"noi-schimbari-la-inmatricularea-si-radierea-masinilor","status":"publish","type":"post","link":"http:\/\/realitatearutiera.ro\/?p=79331","title":{"rendered":"Noi schimb\u0103ri la \u00eenmatricularea \u0219i radierea ma\u0219inilor"},"content":{"rendered":"\n<h2 class=\"wp-block-heading\">Legisla\u021bia privind \u00eenmatricularea \u0219i radierea vehiculelor ar putea suferi modific\u0103ri majore, astfel \u00eenc\u00e2t cei interesa\u021bi s\u0103-\u021bi \u00eenmatriculeze ma\u0219ina s\u0103 o poat\u0103 face mai rapid \u0219i cu mai pu\u021bine drumuri la autorit\u0103\u021bi.<\/h2>\n\n\n\n<p>Proiectul de lege prevede ca \u00eenmatricularea \u0219i radierea ma\u0219inilor s\u0103 nu se mai realizeze la Direc\u021bia Regim Permise de Conducere \u0219i \u00cenmatriculare a Vehiculelor (DRPCIV), a\u0219a cum se proceda p\u00e2n\u0103 acum, ci la Registrul Auto Rom\u00e2n (RAR).<\/p>\n\n\n\n<p>Totodat\u0103, pandemia a schimbat, la r\u00e2ndul ei, anumite reguli ce priveau \u00eenmatricularea sau radierea ma\u0219inilor.<\/p>\n\n\n\n<p>Autorit\u0103\u021bile doresc a o simplificare a&nbsp;procesului de \u00eenmatriculare&nbsp;\u0219i radiere a autoturismelor. Astfel, a fost depus, la Senat, un proiect de lege ce prevede scurtarea procedurii.<\/p>\n\n\n\n<p>Mai exact,\u00a0autoturismele nu vor mai fi radiate sau \u00eenmatriculate la DRPCIV, a\u0219a cum era prev\u0103zut \u00een trecut, ci la RAR.\u00a0Proiectul de lege a fost depus de un grup de parlamentari UDMR \u0219i urm\u0103re\u0219te ca procesul s\u0103 de mute la Registrul Auto Rom\u00e2n.<\/p>\n\n\n\n<p>Astfel, se elimin\u0103 un pas extrem de important \u00een procesul de \u00eenmatriculare, mai exact prezen\u021ba la DRPCIV pentru ob\u021binerea num\u0103rului \u0219i a pl\u0103cu\u021belor de \u00eenmatriculare.<\/p>\n\n\n\n<h2 class=\"wp-block-heading\">C\u00e2nd ar putea intra \u00een vigoare noua lege privind \u00eenmatricul\u0103rile<\/h2>\n\n\n\n<p>Activit\u0103\u021bile de \u00eenmatriculare vor trece la Ministerul Transporturilor, prin RAR, \u00eencep\u00e2nd cu&nbsp;data de 1 ianuarie 2022, dar&nbsp;nu mai devreme de 6 luni de la publicarea \u00een Monitorul Oficial.<\/p>\n\n\n\n<p>Astfel, RAR ar urma s\u0103 se ocupe \u0219i de \u201eactivitatea de \u00eenmatriculare sau radiere a vehiculelor, de eliberare \u0219i eviden\u021b\u0103 a certificatelor de \u00eenmatriculare \u0219i a pl\u0103cilor cu numere de \u00eenmatriculare a vehiculelor, precum \u0219i de eliberare \u0219i eviden\u021b\u0103 a autoriza\u021biei de circula\u021bie provizorie sau pentru probe a vehiculelor\u201d.<\/p>\n\n\n\n<p>Totodat\u0103, pl\u0103cu\u021bele cu merele de \u00eenmatriculare vor fi realizate tot de c\u0103tre Registrul Auto Rom\u00e2n, iar aici se vor \u00eencasa \u0219i taxele.<\/p>\n\n\n\n<p>Sursa:realitatea<\/p>\n","protected":false},"excerpt":{"rendered":"<p>Legisla\u021bia privind \u00eenmatricularea \u0219i radierea vehiculelor ar putea suferi modific\u0103ri majore, astfel \u00eenc\u00e2t cei interesa\u021bi s\u0103-\u021bi \u00eenmatriculeze ma\u0219ina s\u0103 o<\/p>\n","protected":false},"author":1,"featured_media":79332,"comment_status":"open","ping_status":"closed","sticky":false,"template":"","format":"standard","meta":{"spay_email":"","footnotes":"","jetpack_publicize_message":""},"categories":[82],"tags":[],"class_list":["post-79331","post","type-post","status-publish","format-standard","has-post-thumbnail","hentry","category-auto"],"jetpack_featured_media_url":"https:\/\/i0.wp.com\/realitatearutiera.ro\/wp-content\/uploads\/2021\/09\/shutterstock_inmatriculare-1024x684-1.jpg?fit=730%2C410","jetpack_publicize_connections":[],"jetpack_sharing_enabled":true,"jetpack_shortlink":"https:\/\/wp.me\/p61naM-kDx","jetpack-related-posts":[],"_links":{"self":[{"href":"http:\/\/realitatearutiera.ro\/index.php?rest_route=\/wp\/v2\/posts\/79331","targetHints":{"allow":["GET"]}}],"collection":[{"href":"http:\/\/realitatearutiera.ro\/index.php?rest_route=\/wp\/v2\/posts"}],"about":[{"href":"http:\/\/realitatearutiera.ro\/index.php?rest_route=\/wp\/v2\/types\/post"}],"author":[{"embeddable":true,"href":"http:\/\/realitatearutiera.ro\/index.php?rest_route=\/wp\/v2\/users\/1"}],"replies":[{"embeddable":true,"href":"http:\/\/realitatearutiera.ro\/index.php?rest_route=%2Fwp%2Fv2%2Fcomments&post=79331"}],"version-history":[{"count":1,"href":"http:\/\/realitatearutiera.ro\/index.php?rest_route=\/wp\/v2\/posts\/79331\/revisions"}],"predecessor-version":[{"id":79333,"href":"http:\/\/realitatearutiera.ro\/index.php?rest_route=\/wp\/v2\/posts\/79331\/revisions\/79333"}],"wp:featuredmedia":[{"embeddable":true,"href":"http:\/\/realitatearutiera.ro\/index.php?rest_route=\/wp\/v2\/media\/79332"}],"wp:attachment":[{"href":"http:\/\/realitatearutiera.ro\/index.php?rest_route=%2Fwp%2Fv2%2Fmedia&parent=79331"}],"wp:term":[{"taxonomy":"category","embeddable":true,"href":"http:\/\/realitatearutiera.ro\/index.php?rest_route=%2Fwp%2Fv2%2Fcategories&post=79331"},{"taxonomy":"post_tag","embeddable":true,"href":"http:\/\/realitatearutiera.ro\/index.php?rest_route=%2Fwp%2Fv2%2Ftags&post=79331"}],"curies":[{"name":"wp","href":"https:\/\/api.w.org\/{rel}","templated":true}]}}