{"id":79504,"date":"2021-09-28T09:07:14","date_gmt":"2021-09-28T06:07:14","guid":{"rendered":"http:\/\/realitatearutiera.ro\/?p=79504"},"modified":"2021-09-28T09:07:20","modified_gmt":"2021-09-28T06:07:20","slug":"un-accident-violent-a-avut-loc-in-judetul-suceava","status":"publish","type":"post","link":"http:\/\/realitatearutiera.ro\/?p=79504","title":{"rendered":"Un accident violent a avut loc \u00een jude\u021bul Suceava"},"content":{"rendered":"\n<p>Un accident violent a avut loc \u00een jude\u021bul Suceava. Viceprimarul comunei Mitocul Dragomirnei a intrat cu ma\u0219ina \u00eentr-un cap de pod \u0219i s-a r\u0103sturnat, dup\u0103 ce s-a urcat beat la volan. B\u0103rbatul a ajuns \u00een stare grav\u0103 la spital.\u00a0<\/p>\n\n\n\n<figure class=\"wp-block-image is-resized\"><img loading=\"lazy\" decoding=\"async\" src=\"https:\/\/media.realitatea.net\/multimedia\/image\/202109\/w1920\/masina_cae0814657.webp\" alt=\"Viceprimar beat la volan, r\u0103sturnat cu ma\u0219ina \/ Foto: stirisuceava.net\" width=\"575\" height=\"323\"\/><\/figure>\n\n\n\n<p>Viceprimarul Ioan Ichimov se \u00eentorcea \u00een comuna sa, atunci c\u00e2nd a pierdut controlul volanului \u0219i a \u0219i a ajuns pe sens opus. Nu a putut redresa ma\u0219ina \u0219i s-a izbit puternic de un cap de pod.<\/p>\n\n\n\n<p>Viceprimarul a fost testat cu etilotestul \u0219i a fost depistat cu 0.51 miligrame per litru alcool pur \u00een aerul expirat.\u00a0<\/p>\n\n\n\n<p>Oamenii legii au deschis un dosar penal pentru v\u0103t\u0103mare corporal\u0103 din culp\u0103 \u0219i pentru conducere sub influen\u021ba b\u0103uturilor alcoolice.\u00a0<\/p>\n\n\n\n<p>Sursa:realitatea<\/p>\n","protected":false},"excerpt":{"rendered":"<p>Un accident violent a avut loc \u00een jude\u021bul Suceava. Viceprimarul comunei Mitocul Dragomirnei a intrat cu ma\u0219ina \u00eentr-un cap de<\/p>\n","protected":false},"author":1,"featured_media":78839,"comment_status":"open","ping_status":"closed","sticky":false,"template":"","format":"standard","meta":{"spay_email":"","footnotes":"","jetpack_publicize_message":""},"categories":[1],"tags":[],"class_list":["post-79504","post","type-post","status-publish","format-standard","has-post-thumbnail","hentry","category-uncategorized"],"jetpack_featured_media_url":"https:\/\/i2.wp.com\/realitatearutiera.ro\/wp-content\/uploads\/2021\/09\/un-tanar-a-decedat-intr-un-accident-rutier-grav-in-buzau-prietena-sa-a-scapat-cu-viata.jpg?fit=670%2C609","jetpack_publicize_connections":[],"jetpack_sharing_enabled":true,"jetpack_shortlink":"https:\/\/wp.me\/p61naM-kGk","jetpack-related-posts":[],"_links":{"self":[{"href":"http:\/\/realitatearutiera.ro\/index.php?rest_route=\/wp\/v2\/posts\/79504","targetHints":{"allow":["GET"]}}],"collection":[{"href":"http:\/\/realitatearutiera.ro\/index.php?rest_route=\/wp\/v2\/posts"}],"about":[{"href":"http:\/\/realitatearutiera.ro\/index.php?rest_route=\/wp\/v2\/types\/post"}],"author":[{"embeddable":true,"href":"http:\/\/realitatearutiera.ro\/index.php?rest_route=\/wp\/v2\/users\/1"}],"replies":[{"embeddable":true,"href":"http:\/\/realitatearutiera.ro\/index.php?rest_route=%2Fwp%2Fv2%2Fcomments&post=79504"}],"version-history":[{"count":1,"href":"http:\/\/realitatearutiera.ro\/index.php?rest_route=\/wp\/v2\/posts\/79504\/revisions"}],"predecessor-version":[{"id":79505,"href":"http:\/\/realitatearutiera.ro\/index.php?rest_route=\/wp\/v2\/posts\/79504\/revisions\/79505"}],"wp:featuredmedia":[{"embeddable":true,"href":"http:\/\/realitatearutiera.ro\/index.php?rest_route=\/wp\/v2\/media\/78839"}],"wp:attachment":[{"href":"http:\/\/realitatearutiera.ro\/index.php?rest_route=%2Fwp%2Fv2%2Fmedia&parent=79504"}],"wp:term":[{"taxonomy":"category","embeddable":true,"href":"http:\/\/realitatearutiera.ro\/index.php?rest_route=%2Fwp%2Fv2%2Fcategories&post=79504"},{"taxonomy":"post_tag","embeddable":true,"href":"http:\/\/realitatearutiera.ro\/index.php?rest_route=%2Fwp%2Fv2%2Ftags&post=79504"}],"curies":[{"name":"wp","href":"https:\/\/api.w.org\/{rel}","templated":true}]}}