{"id":8299,"date":"2016-04-21T11:59:24","date_gmt":"2016-04-21T08:59:24","guid":{"rendered":"http:\/\/realitatearutiera.ro\/?p=8299"},"modified":"2016-04-21T11:59:24","modified_gmt":"2016-04-21T08:59:24","slug":"tragic-accident-de-munca-la-caracal-un-lucrator-cfr-si-a-pierdut-viata","status":"publish","type":"post","link":"http:\/\/realitatearutiera.ro\/?p=8299","title":{"rendered":"Tragic accident de munc\u0103 la Caracal. Un lucr\u0103tor CFR \u0219i-a pierdut via\u021ba."},"content":{"rendered":"<p>Un b\u0103rbat de 45 de ani, lucr\u0103tor CFR, a fost ag\u0103\u0163at de tren \u00een gara Stoene\u015fti. La fa\u0163a locului a ajuns un echipaj SMURD, care i-a acordat primul ajutor, \u00eentre timp sosind \u015fi echipajul Ambulan\u0163ei. B\u0103rbatul a fost transportat la Compartimentul Urgen\u0163e al Spitalului Municipal Caracal, semicon\u015ftient. De\u015fi ini\u0163ial s-a solicitat elicopterul SMURD pentru a fi transportat la un spital de rang superior, starea b\u0103rbatului n-a permis transportul. \u00centre timp reprezentan\u0163ii Inspectoratului pentru Situa\u0163ii de Urgen\u0163\u0103 Olt au transmis c\u0103 b\u0103rbatul a decedat la spital.<\/p>\n","protected":false},"excerpt":{"rendered":"<p>Un b\u0103rbat de 45 de ani, lucr\u0103tor CFR, a fost ag\u0103\u0163at de tren \u00een gara Stoene\u015fti. La fa\u0163a locului a<\/p>\n","protected":false},"author":1,"featured_media":6027,"comment_status":"open","ping_status":"open","sticky":false,"template":"","format":"standard","meta":{"spay_email":"","footnotes":"","jetpack_publicize_message":""},"categories":[1],"tags":[],"class_list":["post-8299","post","type-post","status-publish","format-standard","has-post-thumbnail","hentry","category-uncategorized"],"jetpack_featured_media_url":"https:\/\/i0.wp.com\/realitatearutiera.ro\/wp-content\/uploads\/2015\/12\/trenuri_90070100.jpg?fit=620%2C419","jetpack_publicize_connections":[],"jetpack_sharing_enabled":true,"jetpack_shortlink":"https:\/\/wp.me\/p61naM-29R","jetpack-related-posts":[],"_links":{"self":[{"href":"http:\/\/realitatearutiera.ro\/index.php?rest_route=\/wp\/v2\/posts\/8299","targetHints":{"allow":["GET"]}}],"collection":[{"href":"http:\/\/realitatearutiera.ro\/index.php?rest_route=\/wp\/v2\/posts"}],"about":[{"href":"http:\/\/realitatearutiera.ro\/index.php?rest_route=\/wp\/v2\/types\/post"}],"author":[{"embeddable":true,"href":"http:\/\/realitatearutiera.ro\/index.php?rest_route=\/wp\/v2\/users\/1"}],"replies":[{"embeddable":true,"href":"http:\/\/realitatearutiera.ro\/index.php?rest_route=%2Fwp%2Fv2%2Fcomments&post=8299"}],"version-history":[{"count":1,"href":"http:\/\/realitatearutiera.ro\/index.php?rest_route=\/wp\/v2\/posts\/8299\/revisions"}],"predecessor-version":[{"id":8300,"href":"http:\/\/realitatearutiera.ro\/index.php?rest_route=\/wp\/v2\/posts\/8299\/revisions\/8300"}],"wp:featuredmedia":[{"embeddable":true,"href":"http:\/\/realitatearutiera.ro\/index.php?rest_route=\/wp\/v2\/media\/6027"}],"wp:attachment":[{"href":"http:\/\/realitatearutiera.ro\/index.php?rest_route=%2Fwp%2Fv2%2Fmedia&parent=8299"}],"wp:term":[{"taxonomy":"category","embeddable":true,"href":"http:\/\/realitatearutiera.ro\/index.php?rest_route=%2Fwp%2Fv2%2Fcategories&post=8299"},{"taxonomy":"post_tag","embeddable":true,"href":"http:\/\/realitatearutiera.ro\/index.php?rest_route=%2Fwp%2Fv2%2Ftags&post=8299"}],"curies":[{"name":"wp","href":"https:\/\/api.w.org\/{rel}","templated":true}]}}