{"id":83275,"date":"2022-02-09T09:52:44","date_gmt":"2022-02-09T07:52:44","guid":{"rendered":"http:\/\/realitatearutiera.ro\/?p=83275"},"modified":"2022-02-09T09:52:51","modified_gmt":"2022-02-09T07:52:51","slug":"drumuri-blocate-si-circulatie-ingreunata-de-ninsorile-viscolite-utilajele-de-deszapezire-au-intervenit-de-urgenta","status":"publish","type":"post","link":"http:\/\/realitatearutiera.ro\/?p=83275","title":{"rendered":"Drumuri BLOCATE \u0219i circula\u021bie \u00eengreunat\u0103 de ninsorile viscolite: utilajele de desz\u0103pezire au intervenit de URGEN\u021a\u0102"},"content":{"rendered":"\n<p>Ninsorile viscolite au adus probleme \u00een mai multe jude\u021be din \u021bar\u0103. Pe mai multe drumuri de munte din Bra\u0219ov, Covasna, Prahova \u0219i Vrancea s-a circulat \u00een condi\u021bii de iarn\u0103.\u00a0Iar in jude\u021bul Bihor, mai mul\u021bi \u0219oferi au fost bloca\u021bi \u00een urma unei avalan\u0219e care a adus tone de zapada pe \u0219osea.<\/p>\n\n\n\n<p>O por\u021biune de drum zeci de metri a fost acoperit\u0103 de z\u0103pad\u0103 dup\u0103 ce o avalan\u0219\u0103 i-a luat prin surprindere pe \u0219oferi. Circula\u021bia pe DN75 a fost blocat\u0103, iar \u0219oferii au a\u0219teptat dispera\u021bi interven\u021bia drumarilor.<\/p>\n\n\n\n<p>Traficul a fost reluat dup\u0103 aproape dou\u0103 ore de la apelul de urgen\u021b\u0103. Avalan\u0219a a avut loc \u00eentre localit\u0103\u021bile Arie\u0219eni \u0219i \u0218tei din jude\u021bul Bihor. Utilajele de desz\u0103pezire au r\u0103mas pe drumul din Mun\u021bii Apuseni, vizat de codul galben de viscol puternic care ar putea provoca o alt\u0103 avalan\u0219\u0103.<\/p>\n\n\n\n<p>Dup\u0103 ce a fost \u00eenchis\u0103 mai bine de 12 ore, circula\u021bia pe Transalpina a fost reluat\u0103. \u00centre Novaci \u0219i R\u00e2nca, viscolul sufl\u0103 \u00een continuare cu putere. Un turist a fost surprins de un martor cum se chinuie s\u0103 ajung\u0103 la ma\u0219in\u0103, fiind \u00eempins de v\u00e2ntul puternic.<\/p>\n\n\n\n<p>Pe drumurile montane aflate la peste 1.600 de metri a nins abundent. V\u00e2ntul a suflat cu o putere de p\u00e2n\u0103 la 140 de kilometri pe or\u0103.<\/p>\n\n\n\n<p>Utilajele de desz\u0103pezire au intervenit s\u0103 cure\u021be drumurile \u0219i au \u00eempr\u0103\u0219tiat materiale antiderapante.<\/p>\n\n\n\n<p>A fost v\u00e2nt puternic \u0219i pe litoral, iar un nor imens de nisip a fost ridicat \u00een aer.&nbsp;<\/p>\n\n\n\n<p>Fenomenul a fost surprins pe plaja din Mamaia de un fotograf. Zeci de minute \u00een \u0219ir, norul de nisip a stat \u00een aer. Dealtfel, tot jude\u021bul Constan\u021ba s-a aflat sub avertizare meteorologic\u0103 cod galben iar v\u00e2ntul a suflat cu p\u00e2n\u0103 la 70 de kilometri la or\u0103. Din aceast\u0103 cauz\u0103 \u0219i activitatea \u00een porturile de la malul m\u0103rii a fost oprit\u0103. Valurile au avut c\u00e2\u021biva metri \u00een\u0103l\u021bime.\u00a0<\/p>\n\n\n\n<p>Sursa:realitatea<\/p>\n","protected":false},"excerpt":{"rendered":"<p>Ninsorile viscolite au adus probleme \u00een mai multe jude\u021be din \u021bar\u0103. Pe mai multe drumuri de munte din Bra\u0219ov, Covasna,<\/p>\n","protected":false},"author":1,"featured_media":83276,"comment_status":"open","ping_status":"closed","sticky":false,"template":"","format":"standard","meta":{"spay_email":"","footnotes":"","jetpack_publicize_message":""},"categories":[6],"tags":[],"class_list":["post-83275","post","type-post","status-publish","format-standard","has-post-thumbnail","hentry","category-social"],"jetpack_featured_media_url":"https:\/\/i1.wp.com\/realitatearutiera.ro\/wp-content\/uploads\/2022\/02\/Untitled_4a5fcc0e18.jpg?fit=1920%2C1080","jetpack_publicize_connections":[],"jetpack_sharing_enabled":true,"jetpack_shortlink":"https:\/\/wp.me\/p61naM-lF9","jetpack-related-posts":[],"_links":{"self":[{"href":"http:\/\/realitatearutiera.ro\/index.php?rest_route=\/wp\/v2\/posts\/83275","targetHints":{"allow":["GET"]}}],"collection":[{"href":"http:\/\/realitatearutiera.ro\/index.php?rest_route=\/wp\/v2\/posts"}],"about":[{"href":"http:\/\/realitatearutiera.ro\/index.php?rest_route=\/wp\/v2\/types\/post"}],"author":[{"embeddable":true,"href":"http:\/\/realitatearutiera.ro\/index.php?rest_route=\/wp\/v2\/users\/1"}],"replies":[{"embeddable":true,"href":"http:\/\/realitatearutiera.ro\/index.php?rest_route=%2Fwp%2Fv2%2Fcomments&post=83275"}],"version-history":[{"count":1,"href":"http:\/\/realitatearutiera.ro\/index.php?rest_route=\/wp\/v2\/posts\/83275\/revisions"}],"predecessor-version":[{"id":83277,"href":"http:\/\/realitatearutiera.ro\/index.php?rest_route=\/wp\/v2\/posts\/83275\/revisions\/83277"}],"wp:featuredmedia":[{"embeddable":true,"href":"http:\/\/realitatearutiera.ro\/index.php?rest_route=\/wp\/v2\/media\/83276"}],"wp:attachment":[{"href":"http:\/\/realitatearutiera.ro\/index.php?rest_route=%2Fwp%2Fv2%2Fmedia&parent=83275"}],"wp:term":[{"taxonomy":"category","embeddable":true,"href":"http:\/\/realitatearutiera.ro\/index.php?rest_route=%2Fwp%2Fv2%2Fcategories&post=83275"},{"taxonomy":"post_tag","embeddable":true,"href":"http:\/\/realitatearutiera.ro\/index.php?rest_route=%2Fwp%2Fv2%2Ftags&post=83275"}],"curies":[{"name":"wp","href":"https:\/\/api.w.org\/{rel}","templated":true}]}}