{"id":83520,"date":"2022-02-17T08:32:15","date_gmt":"2022-02-17T06:32:15","guid":{"rendered":"http:\/\/realitatearutiera.ro\/?p=83520"},"modified":"2022-02-17T08:32:19","modified_gmt":"2022-02-17T06:32:19","slug":"cod-galben-de-vant-si-viscol-in-27-de-judete","status":"publish","type":"post","link":"http:\/\/realitatearutiera.ro\/?p=83520","title":{"rendered":"Cod galben de v\u00e2nt \u015fi viscol \u00een 27 de jude\u0163e"},"content":{"rendered":"\n<p>Administra\u0163ia Na\u0163ional\u0103 de Meteorologie (ANM). a emis un Cod galben de v\u00e2nt \u015fi viscol pentru 27 de jude\u0163e din \u0163ar\u0103, valabil joi \u015fi vineri. <\/p>\n\n\n\n<p>\u00cen intervalul\u00a017 februarie, ora 6:00 &#8211; 18 februarie, ora 20:00, la \u00eenceput \u00een nordul Carpa\u0163ilor Orientali \u015fi \u00een Mun\u0163ii Apuseni, apoi \u00een restul zonei montane, v\u00e2ntul va avea intensific\u0103ri, cu viteze de peste 70 &#8211; 80 km\/h. La altitudini mari,\u00a0v\u00e2ntul va sufla tare, cu peste 100 km\/h, temporar va fi viscol,\u00a0iar vizibilitatea sc\u0103zut\u0103. Totodat\u0103, \u00een masivele nordice local ninsorile vor fi moderate cantitativ. <\/p>\n\n\n\n<p>\u00cen partea de nord-vest a \u0163\u0103rii, \u00een perioada 17 februarie, ora 08:00 &#8211; 18 februarie, ora 06.00, v\u00e2ntul va avea intensific\u0103ri, cu rafale ce vor dep\u0103\u015fi 55 &#8211; 65 km\/h\u00a0\u015fi izolat 70 km\/h. Intensific\u0103ri ale v\u00e2ntului vor fi \u015fi \u00een restul teritoriului, cu viteze \u00een general de 45 &#8211; 55 km\/h, iar pe parcursul zilei de vineri (18 februarie) vor fi intensific\u0103ri ale v\u00e2ntului \u00een majoritatea regiunilor, cu viteze de peste 45 &#8211; 55 km\/h.<\/p>\n\n\n\n<p> Pe arii restr\u00e2nse, \u00eendeosebi \u00een cele centrale, estice \u015fi sudice, rafalele de v\u00e2nt vor dep\u0103\u015fi 70 km\/h, potrivit ANM.<\/p>\n\n\n\n<p> Jude\u0163ele vizate\u00a0de aten\u0163ion\u0103rile Cod galben sunt: Alba, Arge\u015f, Arad, Bac\u0103u, Bihor, Bistri\u0163a-N\u0103s\u0103ud, Bra\u015fov, Buz\u0103u, Cluj, Cara\u015f-Severin, Covasna, D\u00e2mbovi\u0163a, Gorj, Hunedoara, Harghita, Mehedin\u0163i, Maramure\u015f, Mure\u015f, Neam\u0163, Prahova, Sibiu, S\u0103laj, Satu Mare, Suceava, Timi\u015f, V\u00e2lcea \u015fi Vrancea.<\/p>\n\n\n\n<figure class=\"wp-block-image\"><img decoding=\"async\" src=\"https:\/\/i2.wp.com\/adevarul.ro\/assets\/adevarul.ro\/MRImage\/2022\/02\/17\/620de3395163ec427114a1d5\/627x0.jpg?w=800&#038;ssl=1\" alt=\"\" data-recalc-dims=\"1\"\/><figcaption>Sursa:adevarul<\/figcaption><\/figure>\n","protected":false},"excerpt":{"rendered":"<p>Administra\u0163ia Na\u0163ional\u0103 de Meteorologie (ANM). a emis un Cod galben de v\u00e2nt \u015fi viscol pentru 27 de jude\u0163e din \u0163ar\u0103,<\/p>\n","protected":false},"author":1,"featured_media":83521,"comment_status":"open","ping_status":"closed","sticky":false,"template":"","format":"standard","meta":{"spay_email":"","footnotes":"","jetpack_publicize_message":""},"categories":[6],"tags":[],"class_list":["post-83520","post","type-post","status-publish","format-standard","has-post-thumbnail","hentry","category-social"],"jetpack_featured_media_url":"https:\/\/i0.wp.com\/realitatearutiera.ro\/wp-content\/uploads\/2022\/02\/vant-rafala.jpg?fit=898%2C570","jetpack_publicize_connections":[],"jetpack_sharing_enabled":true,"jetpack_shortlink":"https:\/\/wp.me\/p61naM-lJ6","jetpack-related-posts":[],"_links":{"self":[{"href":"http:\/\/realitatearutiera.ro\/index.php?rest_route=\/wp\/v2\/posts\/83520","targetHints":{"allow":["GET"]}}],"collection":[{"href":"http:\/\/realitatearutiera.ro\/index.php?rest_route=\/wp\/v2\/posts"}],"about":[{"href":"http:\/\/realitatearutiera.ro\/index.php?rest_route=\/wp\/v2\/types\/post"}],"author":[{"embeddable":true,"href":"http:\/\/realitatearutiera.ro\/index.php?rest_route=\/wp\/v2\/users\/1"}],"replies":[{"embeddable":true,"href":"http:\/\/realitatearutiera.ro\/index.php?rest_route=%2Fwp%2Fv2%2Fcomments&post=83520"}],"version-history":[{"count":1,"href":"http:\/\/realitatearutiera.ro\/index.php?rest_route=\/wp\/v2\/posts\/83520\/revisions"}],"predecessor-version":[{"id":83522,"href":"http:\/\/realitatearutiera.ro\/index.php?rest_route=\/wp\/v2\/posts\/83520\/revisions\/83522"}],"wp:featuredmedia":[{"embeddable":true,"href":"http:\/\/realitatearutiera.ro\/index.php?rest_route=\/wp\/v2\/media\/83521"}],"wp:attachment":[{"href":"http:\/\/realitatearutiera.ro\/index.php?rest_route=%2Fwp%2Fv2%2Fmedia&parent=83520"}],"wp:term":[{"taxonomy":"category","embeddable":true,"href":"http:\/\/realitatearutiera.ro\/index.php?rest_route=%2Fwp%2Fv2%2Fcategories&post=83520"},{"taxonomy":"post_tag","embeddable":true,"href":"http:\/\/realitatearutiera.ro\/index.php?rest_route=%2Fwp%2Fv2%2Ftags&post=83520"}],"curies":[{"name":"wp","href":"https:\/\/api.w.org\/{rel}","templated":true}]}}