{"id":84349,"date":"2022-03-17T09:37:08","date_gmt":"2022-03-17T07:37:08","guid":{"rendered":"http:\/\/realitatearutiera.ro\/?p=84349"},"modified":"2022-03-17T09:38:13","modified_gmt":"2022-03-17T07:38:13","slug":"accident-cluj-autocamion-rasturnat-pe-autostrada-transilvania","status":"publish","type":"post","link":"http:\/\/realitatearutiera.ro\/?p=84349","title":{"rendered":"Accident Cluj: Autocamion r\u0103sturnat pe Autostrada Transilvania"},"content":{"rendered":"\n<p><strong>Un\u00a0autocamion s-a r\u0103sturnat, miercuri, pe\u00a0Autostrada Transilvania, la ie\u0219irea spre C\u00e2mpia Turzii.\u00a0<\/strong><\/p>\n\n\n\n<figure class=\"wp-block-image is-resized\"><img loading=\"lazy\" decoding=\"async\" src=\"https:\/\/i0.wp.com\/zcj.ro\/images\/db\/1_3_230035_1647444706_07139_fav.jpg?resize=508%2C316&#038;ssl=1\" alt=\"Accident Cluj: Autocamion r\u0103sturnat pe Autostrada Transilvania\" width=\"508\" height=\"316\" data-recalc-dims=\"1\" \/><\/figure>\n\n\n\n<p>Echipaje ISU Cluj intervin pe A3, \u00een zona C\u00e2mpia Turzii, unde un autocamion s-a r\u0103sturnat pe carosabil.&nbsp;<\/p>\n\n\n\n<p><strong>UPDATE:<\/strong>&nbsp;Pompierii din cadrul Deta\u0219amentului Turda au intervenit cu o autospecial\u0103, al\u0103turi de un echipaj SAJ \u00een urma r\u0103sturn\u0103rii unui autocamion la ie\u0219irea de pe autostrada A3 spre C\u00e2mpia Turzii.<\/p>\n\n\n\n<p>Un b\u0103rbat a primit \u00eengrijiri de la echipajul SAJ \u0219i a fost transportat la spital pentru \u00eengrijiri de specialitate. La prima evaluare aceasta era \u00een stare con\u0219tien\u021b\u0103 \u0219i era cooperant.<\/p>\n\n\n\n<p>Pompierii au sprijinit acordarea primului ajutor calificat \u0219i au asigurat m\u0103suri de prevenire \u00een urma scurgerilor de hidrocarburi. Autocamionul transporta de\u0219euri feroase.<\/p>\n\n\n\n<p>Sursa:ziuadecluj<\/p>\n","protected":false},"excerpt":{"rendered":"<p>Un\u00a0autocamion s-a r\u0103sturnat, miercuri, pe\u00a0Autostrada Transilvania, la ie\u0219irea spre C\u00e2mpia Turzii.\u00a0 Echipaje ISU Cluj intervin pe A3, \u00een zona C\u00e2mpia<\/p>\n","protected":false},"author":1,"featured_media":80269,"comment_status":"open","ping_status":"closed","sticky":false,"template":"","format":"standard","meta":{"spay_email":"","footnotes":"","jetpack_publicize_message":""},"categories":[1],"tags":[],"class_list":["post-84349","post","type-post","status-publish","format-standard","has-post-thumbnail","hentry","category-uncategorized"],"jetpack_featured_media_url":"https:\/\/i1.wp.com\/realitatearutiera.ro\/wp-content\/uploads\/2021\/11\/accident.jpg?fit=1200%2C630","jetpack_publicize_connections":[],"jetpack_sharing_enabled":true,"jetpack_shortlink":"https:\/\/wp.me\/p61naM-lWt","jetpack-related-posts":[],"_links":{"self":[{"href":"http:\/\/realitatearutiera.ro\/index.php?rest_route=\/wp\/v2\/posts\/84349","targetHints":{"allow":["GET"]}}],"collection":[{"href":"http:\/\/realitatearutiera.ro\/index.php?rest_route=\/wp\/v2\/posts"}],"about":[{"href":"http:\/\/realitatearutiera.ro\/index.php?rest_route=\/wp\/v2\/types\/post"}],"author":[{"embeddable":true,"href":"http:\/\/realitatearutiera.ro\/index.php?rest_route=\/wp\/v2\/users\/1"}],"replies":[{"embeddable":true,"href":"http:\/\/realitatearutiera.ro\/index.php?rest_route=%2Fwp%2Fv2%2Fcomments&post=84349"}],"version-history":[{"count":2,"href":"http:\/\/realitatearutiera.ro\/index.php?rest_route=\/wp\/v2\/posts\/84349\/revisions"}],"predecessor-version":[{"id":84351,"href":"http:\/\/realitatearutiera.ro\/index.php?rest_route=\/wp\/v2\/posts\/84349\/revisions\/84351"}],"wp:featuredmedia":[{"embeddable":true,"href":"http:\/\/realitatearutiera.ro\/index.php?rest_route=\/wp\/v2\/media\/80269"}],"wp:attachment":[{"href":"http:\/\/realitatearutiera.ro\/index.php?rest_route=%2Fwp%2Fv2%2Fmedia&parent=84349"}],"wp:term":[{"taxonomy":"category","embeddable":true,"href":"http:\/\/realitatearutiera.ro\/index.php?rest_route=%2Fwp%2Fv2%2Fcategories&post=84349"},{"taxonomy":"post_tag","embeddable":true,"href":"http:\/\/realitatearutiera.ro\/index.php?rest_route=%2Fwp%2Fv2%2Ftags&post=84349"}],"curies":[{"name":"wp","href":"https:\/\/api.w.org\/{rel}","templated":true}]}}