{"id":86448,"date":"2022-05-25T09:03:52","date_gmt":"2022-05-25T06:03:52","guid":{"rendered":"http:\/\/realitatearutiera.ro\/?p=86448"},"modified":"2022-05-25T09:03:59","modified_gmt":"2022-05-25T06:03:59","slug":"vremea-astazi-25-mai-vin-averse-in-vestul-centrul-si-nordul-tarii","status":"publish","type":"post","link":"http:\/\/realitatearutiera.ro\/?p=86448","title":{"rendered":"Vremea ast\u0103zi, 25 mai. Vin averse \u00een vestul, centrul \u0219i nordul \u021b\u0103rii"},"content":{"rendered":"\n<p>Miercuri din a doua parte a zilei vin averse \u00een vestul, centrul \u0219i nordul \u021b\u0103rii. \u00cen rest, atmosfera va fi \u00eensorit\u0103 \u0219i ploile pot s\u0103 apar\u0103 doar sporadic.<\/p>\n\n\n\n<p>Vremea devine c\u0103lduroas\u0103 \u00een regiunile vestice \u0219i \u00een cele sud-vestice, pe unde se ating 32 de grade, \u00eens\u0103 pe litoral \u0219i \u00een Delta Dun\u0103rii va fi r\u0103coare \u0219i se ating 17 grade.<br>&nbsp;<\/p>\n\n\n\n<h2 class=\"wp-block-heading\">Vremea pe regiuni<\/h2>\n\n\n\n<p>\u00cen&nbsp;<strong>Dobrogea \u0219i \u00een B\u0103r\u0103gan<\/strong>&nbsp;g\u0103sim atmosfer\u0103 \u00eensorit\u0103, un v\u00e2nt mai insistent \u0219i temperaturi ce ajung la 28 de grade \u00een zona B\u0103r\u0103ganului. Pe litoral \u0219i \u00een Delta Dun\u0103rii va fi mai r\u0103coare \u0219i se vor \u00eenregistra \u00eentre 17 \u0219i 21 de grade.<\/p>\n\n\n\n<p>Mai sus,<strong>&nbsp;\u00een Moldova sudic\u0103 \u0219i \u00een nordul Munteniei<\/strong>, vremea continu\u0103 s\u0103 se \u00eenc\u0103lzeasc\u0103. Nu sunt anun\u021bate ploi, norii vor fi rari, \u00eens\u0103 v\u00e2ntul mai are unele porniri pe parcursul zilei.<\/p>\n\n\n\n<p>Se mai \u00eenc\u0103lze\u0219te \u0219i \u00een&nbsp;<strong>jum\u0103tatea de nord a Moldovei<\/strong>&nbsp;\u0219i \u00een Bucovina, iar maximele se opresc pe la 27 de grade. Din a doua parte a zilei apar cateve reprize cu ploi, care pot fi mai consistente.<\/p>\n\n\n\n<p>\u00cen<strong>&nbsp;nordul Transilvaniei \u0219i \u00een Maramure\u0219<\/strong>&nbsp;se face mai cald \u0219i avem vreme bun\u0103 \u00een prima parte a zilei. Mai t\u00e2rziu se \u00eennoreaz\u0103 \u0219i vin averse care pot fi toren\u021biale. Maximele ajung p\u00e2n\u0103 la 27 de grade la Satu Mare.<\/p>\n\n\n\n<p>Se \u00eenc\u0103lze\u0219te \u0219i \u00een<strong>&nbsp;\u021binuturile vestice<\/strong>. Temperaturile, mai ridicate dec\u00e2t \u00een celelalte regiuni, ajung pe la 31-32 de grade. Avem soare \u00een prima parte a zilei, dup\u0103 care se adun\u0103 norii \u0219i vin ploi zgomotoase, cu tunete, fulgere \u0219i c\u0103deri de grindin\u0103.<\/p>\n\n\n\n<p>O s\u0103 plou\u0103 \u0219i \u00een&nbsp;<strong>Transilvania<\/strong>, vor fi mai multe episoade cu averse, \u00eenso\u021bite de tunete, fulgere \u0219i v\u00e2nt intens \u0219i se pot str\u00e2nge cantit\u0103\u021bi mai \u00eensemnate de ap\u0103. Temperaturile cresc cu 11-12 grade fa\u021b\u0103 de mar\u021bi \u0219i vor ajunge p\u00e2n\u0103 la 30 de grade la Alba Iulia.<\/p>\n\n\n\n<p>\u00cen&nbsp;<strong>sud-vestul \u021b\u0103rii&nbsp;<\/strong>se anun\u021b\u0103 soare \u0219i atmosfer\u0103 pl\u0103cut\u0103. Tendin\u021ba de \u00eenc\u0103lzire se p\u0103streaz\u0103 \u0219i aici, iar maximele urc\u0103 spre 30 de grade.<\/p>\n\n\n\n<p>\u0218i \u00een&nbsp;<strong>\u021binuturile sudice<\/strong>&nbsp;g\u0103sim vreme frumoas\u0103 \u0219i temperaturi \u00een cre\u0219tere. Dup\u0103 pr\u00e2nz se vor \u00eenregistra 29 de grade \u00een Lunca Dun\u0103rii.<\/p>\n\n\n\n<p>\u00cen&nbsp;<strong>Bucure\u0219ti<\/strong>, avem o zi frumoas\u0103 \u0219i se face mai cald. V\u00e2ntul va fi mai activ \u0219i dup\u0103 pr\u00e2nz se vor \u00eenregistra 28-29 de grade Celsius.<\/p>\n\n\n\n<p>Se \u00eenc\u0103lze\u0219te \u0219i \u00een zonele de\u00a0<strong>munte<\/strong>, \u00eens\u0103 va cre\u0219te \u0219i instabilitatea. Dup\u0103-amiaz\u0103 o s\u0103 plou\u0103 pe suprafe\u021be destul de mari \u0219i se pot acumula cantit\u0103\u021bi importante de ap\u0103. Sunt posibile \u0219i c\u0103deri de grindin\u0103, iar v\u00e2ntul se intensific\u0103 pe creste, dar va avea unele porniri \u0219i pe timpul ploilor.<\/p>\n\n\n\n<p>Sursa:stirileprotv<\/p>\n","protected":false},"excerpt":{"rendered":"<p>Miercuri din a doua parte a zilei vin averse \u00een vestul, centrul \u0219i nordul \u021b\u0103rii. \u00cen rest, atmosfera va fi<\/p>\n","protected":false},"author":1,"featured_media":86449,"comment_status":"open","ping_status":"closed","sticky":false,"template":"","format":"standard","meta":{"spay_email":"","footnotes":"","jetpack_publicize_message":""},"categories":[6],"tags":[],"class_list":["post-86448","post","type-post","status-publish","format-standard","has-post-thumbnail","hentry","category-social"],"jetpack_featured_media_url":"https:\/\/i2.wp.com\/realitatearutiera.ro\/wp-content\/uploads\/2022\/05\/62261267.jpg?fit=800%2C450","jetpack_publicize_connections":[],"jetpack_sharing_enabled":true,"jetpack_shortlink":"https:\/\/wp.me\/p61naM-muk","jetpack-related-posts":[],"_links":{"self":[{"href":"http:\/\/realitatearutiera.ro\/index.php?rest_route=\/wp\/v2\/posts\/86448","targetHints":{"allow":["GET"]}}],"collection":[{"href":"http:\/\/realitatearutiera.ro\/index.php?rest_route=\/wp\/v2\/posts"}],"about":[{"href":"http:\/\/realitatearutiera.ro\/index.php?rest_route=\/wp\/v2\/types\/post"}],"author":[{"embeddable":true,"href":"http:\/\/realitatearutiera.ro\/index.php?rest_route=\/wp\/v2\/users\/1"}],"replies":[{"embeddable":true,"href":"http:\/\/realitatearutiera.ro\/index.php?rest_route=%2Fwp%2Fv2%2Fcomments&post=86448"}],"version-history":[{"count":1,"href":"http:\/\/realitatearutiera.ro\/index.php?rest_route=\/wp\/v2\/posts\/86448\/revisions"}],"predecessor-version":[{"id":86450,"href":"http:\/\/realitatearutiera.ro\/index.php?rest_route=\/wp\/v2\/posts\/86448\/revisions\/86450"}],"wp:featuredmedia":[{"embeddable":true,"href":"http:\/\/realitatearutiera.ro\/index.php?rest_route=\/wp\/v2\/media\/86449"}],"wp:attachment":[{"href":"http:\/\/realitatearutiera.ro\/index.php?rest_route=%2Fwp%2Fv2%2Fmedia&parent=86448"}],"wp:term":[{"taxonomy":"category","embeddable":true,"href":"http:\/\/realitatearutiera.ro\/index.php?rest_route=%2Fwp%2Fv2%2Fcategories&post=86448"},{"taxonomy":"post_tag","embeddable":true,"href":"http:\/\/realitatearutiera.ro\/index.php?rest_route=%2Fwp%2Fv2%2Ftags&post=86448"}],"curies":[{"name":"wp","href":"https:\/\/api.w.org\/{rel}","templated":true}]}}