{"id":88052,"date":"2022-07-20T10:09:03","date_gmt":"2022-07-20T07:09:03","guid":{"rendered":"http:\/\/realitatearutiera.ro\/?p=88052"},"modified":"2022-07-20T10:09:10","modified_gmt":"2022-07-20T07:09:10","slug":"judetul-hunedoara-o-persoana-a-fost-ranita-dupa-impactul-dintre-un-tir-si-o-masina","status":"publish","type":"post","link":"http:\/\/realitatearutiera.ro\/?p=88052","title":{"rendered":"\u00a0Jude\u021bul Hunedoara. O persoan\u0103 a fost r\u0103nit\u0103 dup\u0103 impactul dintre un TIR \u0219i o ma\u0219in\u0103"},"content":{"rendered":"\n<p><strong>Un accident rutier a avut loc, miercuri diminea\u021b\u0103 pe DN 7, \u00een jude\u021bul Hunedoara. O persoan\u0103 a fost r\u0103nit\u0103 dup\u0103 impactul dintre un TIR \u0219i o ma\u0219in\u0103.<\/strong><\/p>\n\n\n\n<p>Potrivit IPJ Hunedoara, \u00een data de 20 iulie 2022, la ora 07:16, \u00een t\u00e2n\u0103r \u00een v\u00e2rst\u0103 de 29 de ani, din ora\u015ful C\u0103lan, \u00een timp ce se deplasa cu un autoturism pe DN 7, pe sensul de mers Or\u0103\u015ftie \u2013 Deva, nu ar fi p\u0103strat o distan\u0163\u0103 corespunz\u0103toare fa\u0163\u0103 de un TIR condus de c\u0103tre un b\u0103rbat \u00een v\u00e2rst\u0103 de 43 de ani din municipiul Aba Iulia, jude\u0163ul Alba, care se deplasa pe acela\u015fi sens de mers, intr\u00e2nd \u00een coliziune fa\u0163\u0103-spate cu aceasta.<\/p>\n\n\n<div class=\"wp-block-image\">\n<figure class=\"aligncenter\"><img decoding=\"async\" src=\"https:\/\/i1.wp.com\/romania24.ro\/wp-content\/uploads\/2022\/07\/accident-dn-7-hd-e1658298125445.jpeg?w=800&#038;ssl=1\" alt=\"accident dn 7 hd\" class=\"wp-image-397918\" data-recalc-dims=\"1\"\/><\/figure>\n<\/div>\n\n\n<p>\u00cen urma evenimentului rutier, a rezultat v\u0103t\u0103marea corporal\u0103 a t\u00e2n\u0103rului \u00een v\u00e2rst\u0103 de 29 de ani, care a fost preluat de c\u0103tre un echipaj medical fiind transportat la spital \u00een vederea acord\u0103rii de \u00eengrijiri medicale.<\/p>\n\n\n<div class=\"wp-block-image\">\n<figure class=\"aligncenter\"><img decoding=\"async\" src=\"https:\/\/i1.wp.com\/romania24.ro\/wp-content\/uploads\/2022\/07\/accident-dn-7-hd1-e1658298114916.jpeg?w=800&#038;ssl=1\" alt=\"accident dn 7 hd1\" class=\"wp-image-397917\" data-recalc-dims=\"1\"\/><\/figure>\n<\/div>\n\n\n<p>Ambii conduc\u0103tori auto au fost testa\u0163i cu aparatul alcooltest, rezultatul fiind negativ.<\/p>\n\n\n<div class=\"wp-block-image\">\n<figure class=\"aligncenter\"><img decoding=\"async\" src=\"https:\/\/i1.wp.com\/romania24.ro\/wp-content\/uploads\/2022\/07\/accident-dn-7-hd2-e1658298103307.jpeg?w=800&#038;ssl=1\" alt=\"accident dn 7 hd2\" class=\"wp-image-397916\" data-recalc-dims=\"1\"\/><\/figure>\n<\/div>\n\n\n<p>\u00cen cauz\u0103, poli\u0163i\u015ftii au \u00eentocmit dosar de cercetare penal\u0103 pentru s\u0103v\u00e2r\u015firea infrac\u0163iunii de v\u0103t\u0103mare corporal\u0103 din culp\u0103.<\/p>\n\n\n\n<p>Sursa:romania24<\/p>\n","protected":false},"excerpt":{"rendered":"<p>Un accident rutier a avut loc, miercuri diminea\u021b\u0103 pe DN 7, \u00een jude\u021bul Hunedoara. O persoan\u0103 a fost r\u0103nit\u0103 dup\u0103<\/p>\n","protected":false},"author":1,"featured_media":80269,"comment_status":"open","ping_status":"closed","sticky":false,"template":"","format":"standard","meta":{"spay_email":"","footnotes":"","jetpack_publicize_message":""},"categories":[1],"tags":[],"class_list":["post-88052","post","type-post","status-publish","format-standard","has-post-thumbnail","hentry","category-uncategorized"],"jetpack_featured_media_url":"https:\/\/i1.wp.com\/realitatearutiera.ro\/wp-content\/uploads\/2021\/11\/accident.jpg?fit=1200%2C630","jetpack_publicize_connections":[],"jetpack_sharing_enabled":true,"jetpack_shortlink":"https:\/\/wp.me\/p61naM-mUc","jetpack-related-posts":[],"_links":{"self":[{"href":"http:\/\/realitatearutiera.ro\/index.php?rest_route=\/wp\/v2\/posts\/88052","targetHints":{"allow":["GET"]}}],"collection":[{"href":"http:\/\/realitatearutiera.ro\/index.php?rest_route=\/wp\/v2\/posts"}],"about":[{"href":"http:\/\/realitatearutiera.ro\/index.php?rest_route=\/wp\/v2\/types\/post"}],"author":[{"embeddable":true,"href":"http:\/\/realitatearutiera.ro\/index.php?rest_route=\/wp\/v2\/users\/1"}],"replies":[{"embeddable":true,"href":"http:\/\/realitatearutiera.ro\/index.php?rest_route=%2Fwp%2Fv2%2Fcomments&post=88052"}],"version-history":[{"count":1,"href":"http:\/\/realitatearutiera.ro\/index.php?rest_route=\/wp\/v2\/posts\/88052\/revisions"}],"predecessor-version":[{"id":88053,"href":"http:\/\/realitatearutiera.ro\/index.php?rest_route=\/wp\/v2\/posts\/88052\/revisions\/88053"}],"wp:featuredmedia":[{"embeddable":true,"href":"http:\/\/realitatearutiera.ro\/index.php?rest_route=\/wp\/v2\/media\/80269"}],"wp:attachment":[{"href":"http:\/\/realitatearutiera.ro\/index.php?rest_route=%2Fwp%2Fv2%2Fmedia&parent=88052"}],"wp:term":[{"taxonomy":"category","embeddable":true,"href":"http:\/\/realitatearutiera.ro\/index.php?rest_route=%2Fwp%2Fv2%2Fcategories&post=88052"},{"taxonomy":"post_tag","embeddable":true,"href":"http:\/\/realitatearutiera.ro\/index.php?rest_route=%2Fwp%2Fv2%2Ftags&post=88052"}],"curies":[{"name":"wp","href":"https:\/\/api.w.org\/{rel}","templated":true}]}}