{"id":88339,"date":"2022-07-27T09:50:03","date_gmt":"2022-07-27T06:50:03","guid":{"rendered":"http:\/\/realitatearutiera.ro\/?p=88339"},"modified":"2022-07-27T09:50:12","modified_gmt":"2022-07-27T06:50:12","slug":"autoturism-rasturnat-la-intrare-in-costinesti-o-victima-transportata-la-spital","status":"publish","type":"post","link":"http:\/\/realitatearutiera.ro\/?p=88339","title":{"rendered":"Autoturism r\u0103sturnat la intrare \u00een Costine\u0219ti. O victim\u0103 transportat\u0103 la spital\u00a0"},"content":{"rendered":"\n<p>Un accident rutier a avut loc \u00een aceast\u0103 diminea\u021b\u0103 \u00een jude\u021bul Constan\u021ba.&nbsp;<\/p>\n\n\n\n<p>Potrivit ISU Dobrogea un autoturism s-a r\u0103sturnat la intrare \u00een Costine\u0219ti.&nbsp;<\/p>\n\n\n\n<figure class=\"wp-block-image is-resized\"><img loading=\"lazy\" decoding=\"async\" src=\"https:\/\/i0.wp.com\/www.ziuaconstanta.ro\/images\/stories\/2022\/07\/27\/Daniela\/acc-costinesti.jpg?resize=368%2C469&#038;ssl=1\" alt=\"Accident Costinesti. Foto: fcaebook\/Info Trafic Mangalia\" width=\"368\" height=\"469\" data-recalc-dims=\"1\" \/><\/figure>\n\n\n\n<p>Accident Costinesti. Foto: fcaebook\/Info Trafic Mangalia<\/p>\n\n\n\n<p>Din primele informa\u021bii o victim\u0103 este \u00eencarcerat\u0103.\u00a0<\/p>\n\n\n\n<p>La fa\u021ba locului intervin un echipaj SMURD B \u0219i un echipaj SAJ B2.<\/p>\n\n\n\n<p><strong>UPDATE:&nbsp;<\/strong><\/p>\n\n\n\n<p>Accidentul a avut loc \u00eentre 2 autoturisme.<\/p>\n\n\n\n<p>Potrivit ISU Dobrogea nu\u00a0au fost persoane \u00eencarcerate. O persoan\u0103 a fost transportat\u0103 la spital.<\/p>\n\n\n\n<p>Sursa:ziuaconstanta<\/p>\n","protected":false},"excerpt":{"rendered":"<p>Un accident rutier a avut loc \u00een aceast\u0103 diminea\u021b\u0103 \u00een jude\u021bul Constan\u021ba.&nbsp; Potrivit ISU Dobrogea un autoturism s-a r\u0103sturnat la<\/p>\n","protected":false},"author":1,"featured_media":88340,"comment_status":"open","ping_status":"closed","sticky":false,"template":"","format":"standard","meta":{"spay_email":"","footnotes":"","jetpack_publicize_message":""},"categories":[1],"tags":[],"class_list":["post-88339","post","type-post","status-publish","format-standard","has-post-thumbnail","hentry","category-uncategorized"],"jetpack_featured_media_url":"https:\/\/i1.wp.com\/realitatearutiera.ro\/wp-content\/uploads\/2022\/07\/accident-costinesti.jpg?fit=622%2C486","jetpack_publicize_connections":[],"jetpack_sharing_enabled":true,"jetpack_shortlink":"https:\/\/wp.me\/p61naM-mYP","jetpack-related-posts":[],"_links":{"self":[{"href":"http:\/\/realitatearutiera.ro\/index.php?rest_route=\/wp\/v2\/posts\/88339","targetHints":{"allow":["GET"]}}],"collection":[{"href":"http:\/\/realitatearutiera.ro\/index.php?rest_route=\/wp\/v2\/posts"}],"about":[{"href":"http:\/\/realitatearutiera.ro\/index.php?rest_route=\/wp\/v2\/types\/post"}],"author":[{"embeddable":true,"href":"http:\/\/realitatearutiera.ro\/index.php?rest_route=\/wp\/v2\/users\/1"}],"replies":[{"embeddable":true,"href":"http:\/\/realitatearutiera.ro\/index.php?rest_route=%2Fwp%2Fv2%2Fcomments&post=88339"}],"version-history":[{"count":1,"href":"http:\/\/realitatearutiera.ro\/index.php?rest_route=\/wp\/v2\/posts\/88339\/revisions"}],"predecessor-version":[{"id":88341,"href":"http:\/\/realitatearutiera.ro\/index.php?rest_route=\/wp\/v2\/posts\/88339\/revisions\/88341"}],"wp:featuredmedia":[{"embeddable":true,"href":"http:\/\/realitatearutiera.ro\/index.php?rest_route=\/wp\/v2\/media\/88340"}],"wp:attachment":[{"href":"http:\/\/realitatearutiera.ro\/index.php?rest_route=%2Fwp%2Fv2%2Fmedia&parent=88339"}],"wp:term":[{"taxonomy":"category","embeddable":true,"href":"http:\/\/realitatearutiera.ro\/index.php?rest_route=%2Fwp%2Fv2%2Fcategories&post=88339"},{"taxonomy":"post_tag","embeddable":true,"href":"http:\/\/realitatearutiera.ro\/index.php?rest_route=%2Fwp%2Fv2%2Ftags&post=88339"}],"curies":[{"name":"wp","href":"https:\/\/api.w.org\/{rel}","templated":true}]}}