{"id":88350,"date":"2022-08-01T08:38:12","date_gmt":"2022-08-01T05:38:12","guid":{"rendered":"http:\/\/realitatearutiera.ro\/?p=88350"},"modified":"2022-08-01T08:38:19","modified_gmt":"2022-08-01T05:38:19","slug":"judetul-valcea-trafic-restrictionat-pentru-efectuarea-de-lucrari-la-carosabil-3","status":"publish","type":"post","link":"http:\/\/realitatearutiera.ro\/?p=88350","title":{"rendered":"JUDE\u021aUL V\u00c2LCEA: TRAFIC RESTRIC\u021aIONAT PENTRU EFECTUAREA DE LUCR\u0102RI LA CAROSABIL"},"content":{"rendered":"\n<p><strong>Centrul INFOTRAFIC din Inspectoratul General al Poli\u021biei Rom\u00e2ne&nbsp;<\/strong>informeaz\u0103 c\u0103, din cauza lucr\u0103rilor efectuate la partea carosabil\u0103, circula\u021bia rutier\u0103 va fi restric\u021bionat\u0103 ast\u0103zi pe mai multe artere rutiere din jude\u021bul V\u00e2lcea, astfel:<\/p>\n\n\n\n<p>&#8211; DN 7, \u00eentre kilometrii 208 &#8211; km 213, pe raza localit\u0103\u021bii Brezoi \u2013 Dr\u0103g\u0103ne\u0219ti, lucr\u0103ri frezare denivel\u0103ri \u0219i repara\u021bii asfaltice \u00eentre orele 07:00 &#8211; 14:00. Circula\u021bia rutier\u0103 se desf\u0103\u0219oar\u0103 pe un fir, dirijat\u0103 de pilo\u021bi de trafic.<\/p>\n\n\n\n<p>&#8211; DN 7CC, \u00eentre kilometrii 4+200 m &#8211; 6, pe raza localit\u0103\u021bii P\u0103u\u0219a, lucr\u0103ri de frezare \u0219i asfaltare \u00eentre orele 17:00 &#8211; 06:30. Circula\u021bia rutier\u0103 se desf\u0103\u0219oar\u0103 pe un fir, dirijat\u0103 de pilo\u021bi de trafic.<\/p>\n\n\n\n<p>&#8211; DN 67, \u00eentre kilometrii 168 &#8211; 170, pe raza localit\u0103\u021bii Pietrari, lucr\u0103ri de repara\u021bii asfaltice \u00eentre orele 07:00 &#8211; 18:00. Circula\u021bia rutier\u0103 se desf\u0103\u0219oar\u0103 pe un fir, dirijat\u0103 de pilo\u021bi de trafic.<\/p>\n\n\n\n<p>Recomand\u0103m conduc\u0103torilor auto s\u0103 reduc\u0103 viteza de deplasare, s\u0103 semnalizeze din timp inten\u021bia de schimbare a benzii sau direc\u021biei, asigur\u00e2ndu-se corespunz\u0103tor \u00eenaintea efectu\u0103rii acestei manevre \u0219i acord\u00e2nd prioritate.<\/p>\n","protected":false},"excerpt":{"rendered":"<p>Centrul INFOTRAFIC din Inspectoratul General al Poli\u021biei Rom\u00e2ne&nbsp;informeaz\u0103 c\u0103, din cauza lucr\u0103rilor efectuate la partea carosabil\u0103, circula\u021bia rutier\u0103 va fi<\/p>\n","protected":false},"author":1,"featured_media":78510,"comment_status":"open","ping_status":"closed","sticky":false,"template":"","format":"standard","meta":{"spay_email":"","footnotes":"","jetpack_publicize_message":""},"categories":[54],"tags":[],"class_list":["post-88350","post","type-post","status-publish","format-standard","has-post-thumbnail","hentry","category-informatii-rutiere"],"jetpack_featured_media_url":"https:\/\/i2.wp.com\/realitatearutiera.ro\/wp-content\/uploads\/2021\/08\/lucrari-drum.png?fit=707%2C623","jetpack_publicize_connections":[],"jetpack_sharing_enabled":true,"jetpack_shortlink":"https:\/\/wp.me\/p61naM-mZ0","jetpack-related-posts":[],"_links":{"self":[{"href":"http:\/\/realitatearutiera.ro\/index.php?rest_route=\/wp\/v2\/posts\/88350","targetHints":{"allow":["GET"]}}],"collection":[{"href":"http:\/\/realitatearutiera.ro\/index.php?rest_route=\/wp\/v2\/posts"}],"about":[{"href":"http:\/\/realitatearutiera.ro\/index.php?rest_route=\/wp\/v2\/types\/post"}],"author":[{"embeddable":true,"href":"http:\/\/realitatearutiera.ro\/index.php?rest_route=\/wp\/v2\/users\/1"}],"replies":[{"embeddable":true,"href":"http:\/\/realitatearutiera.ro\/index.php?rest_route=%2Fwp%2Fv2%2Fcomments&post=88350"}],"version-history":[{"count":1,"href":"http:\/\/realitatearutiera.ro\/index.php?rest_route=\/wp\/v2\/posts\/88350\/revisions"}],"predecessor-version":[{"id":88351,"href":"http:\/\/realitatearutiera.ro\/index.php?rest_route=\/wp\/v2\/posts\/88350\/revisions\/88351"}],"wp:featuredmedia":[{"embeddable":true,"href":"http:\/\/realitatearutiera.ro\/index.php?rest_route=\/wp\/v2\/media\/78510"}],"wp:attachment":[{"href":"http:\/\/realitatearutiera.ro\/index.php?rest_route=%2Fwp%2Fv2%2Fmedia&parent=88350"}],"wp:term":[{"taxonomy":"category","embeddable":true,"href":"http:\/\/realitatearutiera.ro\/index.php?rest_route=%2Fwp%2Fv2%2Fcategories&post=88350"},{"taxonomy":"post_tag","embeddable":true,"href":"http:\/\/realitatearutiera.ro\/index.php?rest_route=%2Fwp%2Fv2%2Ftags&post=88350"}],"curies":[{"name":"wp","href":"https:\/\/api.w.org\/{rel}","templated":true}]}}