{"id":89930,"date":"2022-09-22T09:02:13","date_gmt":"2022-09-22T06:02:13","guid":{"rendered":"http:\/\/realitatearutiera.ro\/?p=89930"},"modified":"2022-09-22T09:02:17","modified_gmt":"2022-09-22T06:02:17","slug":"copila-lovita-de-masina-pe-o-strada-din-craiova","status":"publish","type":"post","link":"http:\/\/realitatearutiera.ro\/?p=89930","title":{"rendered":"Copil\u0103 lovit\u0103 de ma\u0219in\u0103 pe o strad\u0103 din Craiova"},"content":{"rendered":"\n<p><strong>O feti\u021b\u0103 de 12 ani a ajuns la spital, dup\u0103 ce a fost lovit\u0103 de un autoturism pe o strad\u0103 din Craiova. Copila se afla pe trecerea pentru pietoni. Accidentul a avut loc joi,&nbsp; diminea\u021b\u0103, pe strada Traian Lelescu.<\/strong><\/p>\n\n\n\n<p>Potrivit IPJ Dolj, joi, 22septembrie, poli\u0163i\u015ftii din cadrul Biroului Rutier Craiova au fost sesiza\u0163i cu privire la faptul c\u0103, pe strada Traian Lalescu din Craiova, a avut loc un accident rutier.<\/p>\n\n\n\n<p>La fa\u0163a locului s-au deplasat poli\u0163i\u015ftii care au stabilit c\u0103 un autoturism condus de un b\u0103rbat de 54 de ani, din Craiova, pe strada Traian Lalescu, din localitate, ar fi accidentat o minor\u0103 de 12 de ani, din Craiova, care s-ar fi angajat \u00een traversarea str\u0103zii pe marcajul pietonal.<\/p>\n\n\n\n<p>\u00cen urma evenimentului rutier, minora a fost transportat\u0103 la spital pentru acordarea de \u00eengrijiri medicale, fiind con\u015ftient\u0103 \u0219i cooperant\u0103.<\/p>\n\n\n\n<p>Conducatorul auto a fost testat cu aparatul alcooltest, rezultatul fiind negativ.<\/p>\n\n\n\n<p>\u00cen cauz\u0103, poli\u0163i\u015ftii au \u00eentocmit un dosar penal sub aspectul s\u0103v\u00e2r\u015firii infrac\u0163iunii de v\u0103t\u0103mare corporal\u0103 din culp\u0103 iar cercet\u0103rile sunt continuate pentru stabilirea cu exactitate a \u00eemprejur\u0103rilor \u00een care s-a produs accidentul.<\/p>\n\n\n\n<p>Sursa:romania24<\/p>\n","protected":false},"excerpt":{"rendered":"<p>O feti\u021b\u0103 de 12 ani a ajuns la spital, dup\u0103 ce a fost lovit\u0103 de un autoturism pe o strad\u0103<\/p>\n","protected":false},"author":1,"featured_media":88920,"comment_status":"open","ping_status":"closed","sticky":false,"template":"","format":"standard","meta":{"spay_email":"","footnotes":"","jetpack_publicize_message":""},"categories":[1],"tags":[],"class_list":["post-89930","post","type-post","status-publish","format-standard","has-post-thumbnail","hentry","category-uncategorized"],"jetpack_featured_media_url":"https:\/\/i1.wp.com\/realitatearutiera.ro\/wp-content\/uploads\/2022\/08\/accc.png?fit=1322%2C742","jetpack_publicize_connections":[],"jetpack_sharing_enabled":true,"jetpack_shortlink":"https:\/\/wp.me\/p61naM-nou","jetpack-related-posts":[],"_links":{"self":[{"href":"http:\/\/realitatearutiera.ro\/index.php?rest_route=\/wp\/v2\/posts\/89930","targetHints":{"allow":["GET"]}}],"collection":[{"href":"http:\/\/realitatearutiera.ro\/index.php?rest_route=\/wp\/v2\/posts"}],"about":[{"href":"http:\/\/realitatearutiera.ro\/index.php?rest_route=\/wp\/v2\/types\/post"}],"author":[{"embeddable":true,"href":"http:\/\/realitatearutiera.ro\/index.php?rest_route=\/wp\/v2\/users\/1"}],"replies":[{"embeddable":true,"href":"http:\/\/realitatearutiera.ro\/index.php?rest_route=%2Fwp%2Fv2%2Fcomments&post=89930"}],"version-history":[{"count":1,"href":"http:\/\/realitatearutiera.ro\/index.php?rest_route=\/wp\/v2\/posts\/89930\/revisions"}],"predecessor-version":[{"id":89931,"href":"http:\/\/realitatearutiera.ro\/index.php?rest_route=\/wp\/v2\/posts\/89930\/revisions\/89931"}],"wp:featuredmedia":[{"embeddable":true,"href":"http:\/\/realitatearutiera.ro\/index.php?rest_route=\/wp\/v2\/media\/88920"}],"wp:attachment":[{"href":"http:\/\/realitatearutiera.ro\/index.php?rest_route=%2Fwp%2Fv2%2Fmedia&parent=89930"}],"wp:term":[{"taxonomy":"category","embeddable":true,"href":"http:\/\/realitatearutiera.ro\/index.php?rest_route=%2Fwp%2Fv2%2Fcategories&post=89930"},{"taxonomy":"post_tag","embeddable":true,"href":"http:\/\/realitatearutiera.ro\/index.php?rest_route=%2Fwp%2Fv2%2Ftags&post=89930"}],"curies":[{"name":"wp","href":"https:\/\/api.w.org\/{rel}","templated":true}]}}