{"id":94383,"date":"2023-01-20T10:52:25","date_gmt":"2023-01-20T08:52:25","guid":{"rendered":"http:\/\/realitatearutiera.ro\/?p=94383"},"modified":"2023-01-20T10:52:28","modified_gmt":"2023-01-20T08:52:28","slug":"accident-pe-un-drum-din-harghita-trei-persoane-ranite-una-incarcerata","status":"publish","type":"post","link":"http:\/\/realitatearutiera.ro\/?p=94383","title":{"rendered":"Accident pe un drum din Harghita. Trei persoane r\u0103nite, una \u00eencarcerat\u0103"},"content":{"rendered":"\n<p><strong>Un accident rutier a avut loc, vineri diminea\u021b\u0103 pe o \u0219osea din jude\u021bul Harghita. Trei persoane au fost r\u0103nite, una \u00eencarcerat\u0103, dup\u0103 ce dou\u0103 ma\u0219ini s-au ciocnit.<\/strong><\/p>\n\n\n\n<p>Potrivit ISU Harghita, accidentul rutier \u00eentre localit\u0103\u021bile Racu \u0219i M\u0103d\u0103ra\u0219.<\/p>\n\n\n\n<p><strong>UPDATE ora 10.35<\/strong>: Victima a fost extras\u0103 din autoturism \u0219i predat\u0103 echipajului SAJ. \u00cen total sunt trei victime care vor fi transportate la spital, iar alte doua refuz\u0103 transportul la spital. Circula\u021bia este blocat\u0103 pe ambele sensuri de mers.<\/p>\n\n\n\n<p>\u00cen eveniment au fost implicate dou\u0103 autoturisme.<\/p>\n\n\n\n<p>\u00centr-unul din autoturisme se afl\u0103 o victim\u0103 \u00eencarcerat\u0103, se lucreaz\u0103 pentru descarcerarea acesteia. Din cel de-al doilea autoturism implicat au rezultat 2 victime cu leziuni minore.<\/p>\n\n\n\n<p>La fa\u021ba locului au intervenit trei echipaje din cadrul Deta\u0219amentului de Pompieri Miercurea Ciuc cu o autospecial\u0103 de stingere, o autospecial\u0103 de descarcerare \u0219i o ambulan\u021b\u0103 SMURD, precum \u0219i un echipaj SAJ M\u0103d\u0103ra\u0219.<\/p>\n\n\n\n<p>Potrivit IPJ Harghita, \u00een jurul orei 9:45, poli\u021bi\u0219tii au fost sesiza\u021bi prin Serviciul Na\u021bional de apeluri urgen\u021b\u0103 112, despre faptul c\u0103 pe Drumul European 578, \u00eentre localit\u0103\u021bile Racul \u0219i M\u0103d\u0103ra\u0219.<\/p>\n\n\n\n<p>Din cercet\u0103rile preliminarii efectuate de c\u0103tre colegii mei, care \u00een acest moment intervin la fa\u021ba locului, reiese c\u0103 accidentul s-ar fi produs \u00een urma unei coliziuni frontale \u00eentre dou\u0103 auto, care circulau din sensuri opuse.<\/p>\n\n\n\n<p>Sursa:romania24<\/p>\n","protected":false},"excerpt":{"rendered":"<p>Un accident rutier a avut loc, vineri diminea\u021b\u0103 pe o \u0219osea din jude\u021bul Harghita. Trei persoane au fost r\u0103nite, una<\/p>\n","protected":false},"author":1,"featured_media":89031,"comment_status":"open","ping_status":"closed","sticky":false,"template":"","format":"standard","meta":{"spay_email":"","footnotes":"","jetpack_publicize_message":""},"categories":[1],"tags":[],"class_list":["post-94383","post","type-post","status-publish","format-standard","has-post-thumbnail","hentry","category-uncategorized"],"jetpack_featured_media_url":"https:\/\/i2.wp.com\/realitatearutiera.ro\/wp-content\/uploads\/2022\/08\/GENERAL-NOU-accident-noaptea1.jpg?fit=800%2C468","jetpack_publicize_connections":[],"jetpack_sharing_enabled":true,"jetpack_shortlink":"https:\/\/wp.me\/p61naM-oyj","jetpack-related-posts":[],"_links":{"self":[{"href":"http:\/\/realitatearutiera.ro\/index.php?rest_route=\/wp\/v2\/posts\/94383","targetHints":{"allow":["GET"]}}],"collection":[{"href":"http:\/\/realitatearutiera.ro\/index.php?rest_route=\/wp\/v2\/posts"}],"about":[{"href":"http:\/\/realitatearutiera.ro\/index.php?rest_route=\/wp\/v2\/types\/post"}],"author":[{"embeddable":true,"href":"http:\/\/realitatearutiera.ro\/index.php?rest_route=\/wp\/v2\/users\/1"}],"replies":[{"embeddable":true,"href":"http:\/\/realitatearutiera.ro\/index.php?rest_route=%2Fwp%2Fv2%2Fcomments&post=94383"}],"version-history":[{"count":1,"href":"http:\/\/realitatearutiera.ro\/index.php?rest_route=\/wp\/v2\/posts\/94383\/revisions"}],"predecessor-version":[{"id":94384,"href":"http:\/\/realitatearutiera.ro\/index.php?rest_route=\/wp\/v2\/posts\/94383\/revisions\/94384"}],"wp:featuredmedia":[{"embeddable":true,"href":"http:\/\/realitatearutiera.ro\/index.php?rest_route=\/wp\/v2\/media\/89031"}],"wp:attachment":[{"href":"http:\/\/realitatearutiera.ro\/index.php?rest_route=%2Fwp%2Fv2%2Fmedia&parent=94383"}],"wp:term":[{"taxonomy":"category","embeddable":true,"href":"http:\/\/realitatearutiera.ro\/index.php?rest_route=%2Fwp%2Fv2%2Fcategories&post=94383"},{"taxonomy":"post_tag","embeddable":true,"href":"http:\/\/realitatearutiera.ro\/index.php?rest_route=%2Fwp%2Fv2%2Ftags&post=94383"}],"curies":[{"name":"wp","href":"https:\/\/api.w.org\/{rel}","templated":true}]}}