{"id":94387,"date":"2023-01-20T11:21:48","date_gmt":"2023-01-20T09:21:48","guid":{"rendered":"http:\/\/realitatearutiera.ro\/?p=94387"},"modified":"2023-01-20T11:21:51","modified_gmt":"2023-01-20T09:21:51","slug":"fata-lovita-de-o-masina-pe-o-trecere-de-pietoni-din-pecica-arad","status":"publish","type":"post","link":"http:\/\/realitatearutiera.ro\/?p=94387","title":{"rendered":"Fat\u0103 lovit\u0103 de o ma\u0219in\u0103, pe o trecere de pietoni din Pecica \u2013 Arad"},"content":{"rendered":"\n<p><strong>O fat\u0103 a fost lovit\u0103, vineri diminea\u021b\u0103, pe o trecere de pietoni pe DN 7, \u00een jude\u021bul Arad.<\/strong><\/p>\n\n\n\n<p>Potrivit IPJ Arad, \u00een diminea\u021ba zilei de 20 ianuarie 2023, \u00een jurul orei 07:30, \u00een circumstan\u021be ce urmeaz\u0103 a fi stabilite din cercet\u0103ri, a avut loc un accident rutier.<\/p>\n\n\n\n<p>Un b\u0103rbat de 50 de ani din \u0218eitin, \u00een timp ce conducea un autoturism pe DN 7, \u00een Pecica, a acro\u0219at o minor\u0103 angajat\u0103 \u00een traversarea str\u0103zii, pe trecerea pentru pietoni.<\/p>\n\n\n\n<p>\u00cen urma impactului, minora a fost transportat\u0103 la spital pentru evaluarea st\u0103rii sale \u0219i acordarea de \u00eengrijiri medicale, la prima vedere, aceasta fiind r\u0103nit\u0103 u\u0219or.<\/p>\n\n\n\n<p>Testarea conduc\u0103torului auto cu aparatul alcooltest a indicat c\u0103 acesta nu era sub influen\u021ba alcoolului.<\/p>\n\n\n\n<p>Poli\u021bi\u0219tii continu\u0103 cercet\u0103rile \u00eentr-un dosar penal \u00eentocmit pentru v\u0103t\u0103mare corporal\u0103 din culp\u0103, \u00een vederea stabilirii cu exactitate a cauzelor \u0219i \u00eemprejur\u0103rilor care au dus la producerea accidentului.<\/p>\n\n\n\n<p>Sursa:romania24<\/p>\n","protected":false},"excerpt":{"rendered":"<p>O fat\u0103 a fost lovit\u0103, vineri diminea\u021b\u0103, pe o trecere de pietoni pe DN 7, \u00een jude\u021bul Arad. Potrivit IPJ<\/p>\n","protected":false},"author":1,"featured_media":87835,"comment_status":"open","ping_status":"closed","sticky":false,"template":"","format":"standard","meta":{"spay_email":"","footnotes":"","jetpack_publicize_message":""},"categories":[1],"tags":[],"class_list":["post-94387","post","type-post","status-publish","format-standard","has-post-thumbnail","hentry","category-uncategorized"],"jetpack_featured_media_url":"https:\/\/i1.wp.com\/realitatearutiera.ro\/wp-content\/uploads\/2022\/07\/accident-1.jpg?fit=1200%2C800","jetpack_publicize_connections":[],"jetpack_sharing_enabled":true,"jetpack_shortlink":"https:\/\/wp.me\/p61naM-oyn","jetpack-related-posts":[],"_links":{"self":[{"href":"http:\/\/realitatearutiera.ro\/index.php?rest_route=\/wp\/v2\/posts\/94387","targetHints":{"allow":["GET"]}}],"collection":[{"href":"http:\/\/realitatearutiera.ro\/index.php?rest_route=\/wp\/v2\/posts"}],"about":[{"href":"http:\/\/realitatearutiera.ro\/index.php?rest_route=\/wp\/v2\/types\/post"}],"author":[{"embeddable":true,"href":"http:\/\/realitatearutiera.ro\/index.php?rest_route=\/wp\/v2\/users\/1"}],"replies":[{"embeddable":true,"href":"http:\/\/realitatearutiera.ro\/index.php?rest_route=%2Fwp%2Fv2%2Fcomments&post=94387"}],"version-history":[{"count":1,"href":"http:\/\/realitatearutiera.ro\/index.php?rest_route=\/wp\/v2\/posts\/94387\/revisions"}],"predecessor-version":[{"id":94388,"href":"http:\/\/realitatearutiera.ro\/index.php?rest_route=\/wp\/v2\/posts\/94387\/revisions\/94388"}],"wp:featuredmedia":[{"embeddable":true,"href":"http:\/\/realitatearutiera.ro\/index.php?rest_route=\/wp\/v2\/media\/87835"}],"wp:attachment":[{"href":"http:\/\/realitatearutiera.ro\/index.php?rest_route=%2Fwp%2Fv2%2Fmedia&parent=94387"}],"wp:term":[{"taxonomy":"category","embeddable":true,"href":"http:\/\/realitatearutiera.ro\/index.php?rest_route=%2Fwp%2Fv2%2Fcategories&post=94387"},{"taxonomy":"post_tag","embeddable":true,"href":"http:\/\/realitatearutiera.ro\/index.php?rest_route=%2Fwp%2Fv2%2Ftags&post=94387"}],"curies":[{"name":"wp","href":"https:\/\/api.w.org\/{rel}","templated":true}]}}