{"id":95408,"date":"2023-02-17T08:21:21","date_gmt":"2023-02-17T06:21:21","guid":{"rendered":"https:\/\/realitatearutiera.ro\/?p=95408"},"modified":"2023-02-17T08:21:25","modified_gmt":"2023-02-17T06:21:25","slug":"masina-lovita-in-plin-de-un-tren-intr-o-localitate-din-vaslui","status":"publish","type":"post","link":"http:\/\/realitatearutiera.ro\/?p=95408","title":{"rendered":"Ma\u0219in\u0103 lovit\u0103 \u00een plin de un tren, \u00eentr-o localitate din Vaslui"},"content":{"rendered":"\n<p><strong>O t\u00e2n\u0103r\u0103 de 20 de ani a fost grav r\u0103nit\u0103 dup\u0103 ce ma\u0219ina pe care o conducea a fost lovit\u0103 de tren. Accidentul feroviar a avut loc joi sear\u0103, \u00een satul Huc, comuna Todire\u0219ti, jude\u021bul Vaslui.<\/strong><\/p>\n\n\n\n<p>Potrivit ISU Vaslui, accidentul a avut loc la trecerea la nivel cu calea ferat\u0103 din satul Huc, comuna Todire\u0219ti.<\/p>\n\n\n<div class=\"wp-block-image\">\n<figure class=\"aligncenter is-resized\"><img loading=\"lazy\" decoding=\"async\" src=\"https:\/\/i2.wp.com\/romania24.ro\/wp-content\/uploads\/2023\/02\/vaslui-2-1-e1676574232718.jpg?resize=432%2C576&#038;ssl=1\" alt=\"vaslui 2\" class=\"wp-image-478758\" width=\"432\" height=\"576\" data-recalc-dims=\"1\" \/><\/figure>\n<\/div>\n\n\n<p>\u00cen accident a fost implicat un autoturism condus de o femeie de 22 de ani \u0219i un tren aflat \u00een proprietatea unui operator privat. \u00cen tren se aflau doi c\u0103l\u0103tori \u0219i conductorul.<\/p>\n\n\n\n<p>La locul accidentului a intervenit garda II Negre\u0219ti din cadrul Deta\u0219amentului de pompieri Vaslui a intervenit cu o autospecial\u0103 de stingere cu ap\u0103 (autospecial\u0103 echipat\u0103 cu modul pentru descarcerare\/deblocare), o ambulan\u021b\u0103 SMURD tip B2 \u0219i echipaje specializate.<\/p>\n\n\n\n<p>La sosirea echipajelor de interven\u021bie a fost g\u0103sit un autoturism avariat\u0219i o persoan\u0103 ne\u00eencarcerat\u0103.<\/p>\n\n\n\n<p>Sursa:romania24<\/p>\n","protected":false},"excerpt":{"rendered":"<p>O t\u00e2n\u0103r\u0103 de 20 de ani a fost grav r\u0103nit\u0103 dup\u0103 ce ma\u0219ina pe care o conducea a fost lovit\u0103<\/p>\n","protected":false},"author":1,"featured_media":95409,"comment_status":"open","ping_status":"closed","sticky":false,"template":"","format":"standard","meta":{"spay_email":"","footnotes":"","jetpack_publicize_message":""},"categories":[6],"tags":[],"class_list":["post-95408","post","type-post","status-publish","format-standard","has-post-thumbnail","hentry","category-social"],"jetpack_featured_media_url":"https:\/\/i0.wp.com\/realitatearutiera.ro\/wp-content\/uploads\/2023\/02\/vaslui-2-1-e1676574232718.jpg?fit=1200%2C1600","jetpack_publicize_connections":[],"jetpack_sharing_enabled":true,"jetpack_shortlink":"https:\/\/wp.me\/p61naM-oOQ","jetpack-related-posts":[],"_links":{"self":[{"href":"http:\/\/realitatearutiera.ro\/index.php?rest_route=\/wp\/v2\/posts\/95408","targetHints":{"allow":["GET"]}}],"collection":[{"href":"http:\/\/realitatearutiera.ro\/index.php?rest_route=\/wp\/v2\/posts"}],"about":[{"href":"http:\/\/realitatearutiera.ro\/index.php?rest_route=\/wp\/v2\/types\/post"}],"author":[{"embeddable":true,"href":"http:\/\/realitatearutiera.ro\/index.php?rest_route=\/wp\/v2\/users\/1"}],"replies":[{"embeddable":true,"href":"http:\/\/realitatearutiera.ro\/index.php?rest_route=%2Fwp%2Fv2%2Fcomments&post=95408"}],"version-history":[{"count":1,"href":"http:\/\/realitatearutiera.ro\/index.php?rest_route=\/wp\/v2\/posts\/95408\/revisions"}],"predecessor-version":[{"id":95410,"href":"http:\/\/realitatearutiera.ro\/index.php?rest_route=\/wp\/v2\/posts\/95408\/revisions\/95410"}],"wp:featuredmedia":[{"embeddable":true,"href":"http:\/\/realitatearutiera.ro\/index.php?rest_route=\/wp\/v2\/media\/95409"}],"wp:attachment":[{"href":"http:\/\/realitatearutiera.ro\/index.php?rest_route=%2Fwp%2Fv2%2Fmedia&parent=95408"}],"wp:term":[{"taxonomy":"category","embeddable":true,"href":"http:\/\/realitatearutiera.ro\/index.php?rest_route=%2Fwp%2Fv2%2Fcategories&post=95408"},{"taxonomy":"post_tag","embeddable":true,"href":"http:\/\/realitatearutiera.ro\/index.php?rest_route=%2Fwp%2Fv2%2Ftags&post=95408"}],"curies":[{"name":"wp","href":"https:\/\/api.w.org\/{rel}","templated":true}]}}