{"id":95411,"date":"2023-02-17T08:30:16","date_gmt":"2023-02-17T06:30:16","guid":{"rendered":"https:\/\/realitatearutiera.ro\/?p=95411"},"modified":"2023-02-17T08:30:20","modified_gmt":"2023-02-17T06:30:20","slug":"accident-mortal-la-cluj-napoca","status":"publish","type":"post","link":"http:\/\/realitatearutiera.ro\/?p=95411","title":{"rendered":"Accident mortal la Cluj Napoca"},"content":{"rendered":"\n<p>Un t\u00e2n\u0103r de 28 de ani din Cluj-Napoca \u0219i-a g\u0103sit sf\u00e2r\u0219itul noaptea trecut\u0103, dup\u0103 ce a pierdut controlul volanului \u0219i s-a r\u0103sturnat cu ma\u015fina. &nbsp;<\/p>\n\n\n\n<p>Poleiul din ora\u015f cu care s-au confruntat \u0219oferii dup\u0103 l\u0103sarea serii, dar \u015fi viteza excesiv\u0103, sunt cauzele teribilului incident.<\/p>\n\n\n\n<p>Impactul a fost at\u00e2t de puternic, \u00eenc\u00e2t t\u00e2n\u0103rul, care se pare c\u0103 nu purta centur\u0103 de siguran\u0163\u0103, a fost aruncat \u00een exterior prin parbrizul ma\u0219inii.<\/p>\n\n\n\n<p>Dou\u0103 autospeciale de descarcerare, un echipaj SMURD de Terapie Intensiv\u0103 \u0219i o ambulan\u021b\u0103 au ajuns \u00een scurt timp la locul accidentului, \u00eens\u0103 medicii au putut doar s\u0103 declare decesul.<\/p>\n\n\n\n<p>Sursa:stirileprotv<\/p>\n","protected":false},"excerpt":{"rendered":"<p>Un t\u00e2n\u0103r de 28 de ani din Cluj-Napoca \u0219i-a g\u0103sit sf\u00e2r\u0219itul noaptea trecut\u0103, dup\u0103 ce a pierdut controlul volanului \u0219i<\/p>\n","protected":false},"author":1,"featured_media":88920,"comment_status":"open","ping_status":"closed","sticky":false,"template":"","format":"standard","meta":{"spay_email":"","footnotes":"","jetpack_publicize_message":""},"categories":[1],"tags":[],"class_list":["post-95411","post","type-post","status-publish","format-standard","has-post-thumbnail","hentry","category-uncategorized"],"jetpack_featured_media_url":"https:\/\/i1.wp.com\/realitatearutiera.ro\/wp-content\/uploads\/2022\/08\/accc.png?fit=1322%2C742","jetpack_publicize_connections":[],"jetpack_sharing_enabled":true,"jetpack_shortlink":"https:\/\/wp.me\/p61naM-oOT","jetpack-related-posts":[],"_links":{"self":[{"href":"http:\/\/realitatearutiera.ro\/index.php?rest_route=\/wp\/v2\/posts\/95411","targetHints":{"allow":["GET"]}}],"collection":[{"href":"http:\/\/realitatearutiera.ro\/index.php?rest_route=\/wp\/v2\/posts"}],"about":[{"href":"http:\/\/realitatearutiera.ro\/index.php?rest_route=\/wp\/v2\/types\/post"}],"author":[{"embeddable":true,"href":"http:\/\/realitatearutiera.ro\/index.php?rest_route=\/wp\/v2\/users\/1"}],"replies":[{"embeddable":true,"href":"http:\/\/realitatearutiera.ro\/index.php?rest_route=%2Fwp%2Fv2%2Fcomments&post=95411"}],"version-history":[{"count":1,"href":"http:\/\/realitatearutiera.ro\/index.php?rest_route=\/wp\/v2\/posts\/95411\/revisions"}],"predecessor-version":[{"id":95412,"href":"http:\/\/realitatearutiera.ro\/index.php?rest_route=\/wp\/v2\/posts\/95411\/revisions\/95412"}],"wp:featuredmedia":[{"embeddable":true,"href":"http:\/\/realitatearutiera.ro\/index.php?rest_route=\/wp\/v2\/media\/88920"}],"wp:attachment":[{"href":"http:\/\/realitatearutiera.ro\/index.php?rest_route=%2Fwp%2Fv2%2Fmedia&parent=95411"}],"wp:term":[{"taxonomy":"category","embeddable":true,"href":"http:\/\/realitatearutiera.ro\/index.php?rest_route=%2Fwp%2Fv2%2Fcategories&post=95411"},{"taxonomy":"post_tag","embeddable":true,"href":"http:\/\/realitatearutiera.ro\/index.php?rest_route=%2Fwp%2Fv2%2Ftags&post=95411"}],"curies":[{"name":"wp","href":"https:\/\/api.w.org\/{rel}","templated":true}]}}