{"id":95418,"date":"2023-02-17T08:44:59","date_gmt":"2023-02-17T06:44:59","guid":{"rendered":"https:\/\/realitatearutiera.ro\/?p=95418"},"modified":"2023-02-17T08:45:01","modified_gmt":"2023-02-17T06:45:01","slug":"vremea-cod-galben-de-vant-puternic","status":"publish","type":"post","link":"http:\/\/realitatearutiera.ro\/?p=95418","title":{"rendered":"Vremea: Cod galben de v\u00e2nt puternic"},"content":{"rendered":"\n<p>Meteorologii au emis, vineri diminea\u0163a, mai multe aten\u0163ion\u0103ri nowcasting Cod galben de v\u00e2nt puternic, valabile \u00een urm\u0103toarele ore \u00een zonele montane din \u015fapte jude\u0163e, anun\u021b\u0103 Agerpres.<\/p>\n\n\n\n<p>Conform Administra\u0163iei Na\u0163ionale de Meteorologie (ANM), p\u00e2n\u0103 la ora 10:00, la altitudini de peste 1.800 de metri din jude\u0163ele Arge\u015f, Prahova, D\u00e2mbovi\u0163a, Gorj \u015fi V\u00e2lcea se vor semnala intensific\u0103ri ale v\u00e2ntului care vor dep\u0103\u015fi la rafal\u0103 90 km\/h.<\/p>\n\n\n\n<p>De asemenea, \u00een zona de munte a jude\u0163elor Cara\u015f-Severin \u015fi Hunedoara, la altitudini de peste 1.800 de metri, v\u00e2ntul va \u00eenregistra viteze ce vor dep\u0103\u015fi la rafal\u0103 90 \u2013 100 km\/h.<\/p>\n\n\n\n<p>Tot p\u00e2n\u0103 la ora 10:00, localit\u0103\u0163ile: T\u00e2rgu Mure\u015f, Ludu\u015f, Iernut, S\u00e2ngeorgiu de Mure\u015f, Ungheni, Band, S\u00e2ncraiu de Mure\u015f, P\u0103net, Criste\u015fti, F\u00e2nt\u00e2nele, B\u0103l\u0103u\u015feri, Ac\u0103\u0163ari, Cr\u0103ciune\u015fti, S\u00e2npaul, S\u00e2ntana de Mure\u015f, G\u0103le\u015fti, Gheorghe Doja, Ogra, Cuci, Icl\u0103nzel, P\u0103s\u0103reni, Cucerdea, Bogata, Livezeni, Corunca, A\u0163inti\u015f \u015fi Corois\u00e2nm\u0103rtin din jude\u0163ul Mure\u015f se vor afla sub Cod galben de cea\u0163\u0103 dens\u0103, care determin\u0103 sc\u0103derea vizibilit\u0103\u0163ii sub 200 de metri, izolat sub 50 de metri, favoriz\u00e2nd, \u00een func\u0163ie de condi\u0163iile locale, formarea ghe\u0163u\u015fului.<\/p>\n\n\n\n<p>Avertiz\u0103rile de fenomene periculoase imediate (nowcasting) se emit pentru o perioad\u0103 de maximum \u015fase ore, precizeaz\u0103 ANM.<\/p>\n\n\n\n<p>Sursa:g4media<\/p>\n","protected":false},"excerpt":{"rendered":"<p>Meteorologii au emis, vineri diminea\u0163a, mai multe aten\u0163ion\u0103ri nowcasting Cod galben de v\u00e2nt puternic, valabile \u00een urm\u0103toarele ore \u00een zonele<\/p>\n","protected":false},"author":1,"featured_media":95419,"comment_status":"open","ping_status":"closed","sticky":false,"template":"","format":"standard","meta":{"spay_email":"","footnotes":"","jetpack_publicize_message":""},"categories":[6],"tags":[],"class_list":["post-95418","post","type-post","status-publish","format-standard","has-post-thumbnail","hentry","category-social"],"jetpack_featured_media_url":"https:\/\/i1.wp.com\/realitatearutiera.ro\/wp-content\/uploads\/2023\/02\/vant.jpg?fit=1920%2C1020","jetpack_publicize_connections":[],"jetpack_sharing_enabled":true,"jetpack_shortlink":"https:\/\/wp.me\/p61naM-oP0","jetpack-related-posts":[],"_links":{"self":[{"href":"http:\/\/realitatearutiera.ro\/index.php?rest_route=\/wp\/v2\/posts\/95418","targetHints":{"allow":["GET"]}}],"collection":[{"href":"http:\/\/realitatearutiera.ro\/index.php?rest_route=\/wp\/v2\/posts"}],"about":[{"href":"http:\/\/realitatearutiera.ro\/index.php?rest_route=\/wp\/v2\/types\/post"}],"author":[{"embeddable":true,"href":"http:\/\/realitatearutiera.ro\/index.php?rest_route=\/wp\/v2\/users\/1"}],"replies":[{"embeddable":true,"href":"http:\/\/realitatearutiera.ro\/index.php?rest_route=%2Fwp%2Fv2%2Fcomments&post=95418"}],"version-history":[{"count":1,"href":"http:\/\/realitatearutiera.ro\/index.php?rest_route=\/wp\/v2\/posts\/95418\/revisions"}],"predecessor-version":[{"id":95420,"href":"http:\/\/realitatearutiera.ro\/index.php?rest_route=\/wp\/v2\/posts\/95418\/revisions\/95420"}],"wp:featuredmedia":[{"embeddable":true,"href":"http:\/\/realitatearutiera.ro\/index.php?rest_route=\/wp\/v2\/media\/95419"}],"wp:attachment":[{"href":"http:\/\/realitatearutiera.ro\/index.php?rest_route=%2Fwp%2Fv2%2Fmedia&parent=95418"}],"wp:term":[{"taxonomy":"category","embeddable":true,"href":"http:\/\/realitatearutiera.ro\/index.php?rest_route=%2Fwp%2Fv2%2Fcategories&post=95418"},{"taxonomy":"post_tag","embeddable":true,"href":"http:\/\/realitatearutiera.ro\/index.php?rest_route=%2Fwp%2Fv2%2Ftags&post=95418"}],"curies":[{"name":"wp","href":"https:\/\/api.w.org\/{rel}","templated":true}]}}