{"id":98889,"date":"2023-05-19T09:28:44","date_gmt":"2023-05-19T06:28:44","guid":{"rendered":"https:\/\/realitatearutiera.ro\/?p=98889"},"modified":"2023-05-19T09:28:47","modified_gmt":"2023-05-19T06:28:47","slug":"sibiu-accident-in-care-au-fost-implicate-un-autoturism-si-o-ambulanta-aflata-in-misiune","status":"publish","type":"post","link":"http:\/\/realitatearutiera.ro\/?p=98889","title":{"rendered":"Sibiu: Accident \u00een care au fost implicate un autoturism \u015fi o ambulan\u0163\u0103 aflat\u0103 \u00een misiune"},"content":{"rendered":"\n<p>Dou\u0103 persoane au fost transportate la spital, joi noaptea, \u00een urma unui accident \u00een care au fost implicate un autoturism \u015fi o ambulan\u0163\u0103 aflat\u0103 \u00een misiune.\u00a0<\/p>\n\n\n\n<p>&#8220;Ambulan\u0163a circula \u00een regim prioritar, cu semnalele acustice \u015fi luminoase \u00een func\u0163iune, transport\u00e2nd un pacient, adult. \u00cen urma evenimentului a rezultat v\u0103t\u0103marea corporal\u0103 u\u015foar\u0103 a conduc\u0103toarei autoturismului, o sibianc\u0103 \u00een v\u00e2rst\u0103 de 39 de ani. Se efectueaz\u0103 cercet\u0103ri \u00een vederea stabilirii cauzei producerii evenimentului&#8221;, a declarat purt\u0103torul de cuv\u00e2nt al IPJ Sibiu, Elena Welter.<\/p>\n\n\n\n<p>Pacientul care era transportat la spital de c\u0103tre echipajul SAJ a fost preluat de c\u0103tre un echipaj ISU, fiind dus la UPU; la fel \u015fi o femeie din autoturismul implicat \u00een accident.<\/p>\n\n\n\n<p>&#8220;Ambulan\u0163a circula \u00een regim prioritar, cu semnalele acustice \u015fi luminoase \u00een func\u0163iune, transport\u00e2nd un pacient, adult. \u00cen urma evenimentului a rezultat v\u0103t\u0103marea corporal\u0103 u\u015foar\u0103 a conduc\u0103toarei autoturismului, o sibianc\u0103 \u00een v\u00e2rst\u0103 de 39 de ani. Se efectueaz\u0103 cercet\u0103ri \u00een vederea stabilirii cauzei producerii evenimentului&#8221;, a declarat purt\u0103torul de cuv\u00e2nt al IPJ Sibiu, Elena Welter.<\/p>\n\n\n\n<p>Pacientul care era transportat la spital de c\u0103tre echipajul SAJ a fost preluat de c\u0103tre un echipaj ISU, fiind dus la UPU; la fel \u015fi o femeie din autoturismul implicat \u00een accident.<\/p>\n\n\n\n<p>Echipajul de pe ambulan\u021b\u0103 nu a suferit v\u0103t\u0103m\u0103ri corporale \u00een urma incidentului rutier.<\/p>\n\n\n\n<p>Cei doi r\u0103ni\u0163i, pacientul de 36 de ani din ambulan\u0163\u0103 \u015fi \u015foferi\u0163a autoturismului, de 39 de ani, au fost transporta\u0163i la spital de dou\u0103 echipaje SMURD, potrivit Inspectoratului pentru Situa\u0163ii de Urgen\u0163\u0103.<\/p>\n\n\n\n<p>Sursa:realitatea<\/p>\n\n\n\n<p>\u00a0<\/p>\n\n\n\n<p><\/p>\n","protected":false},"excerpt":{"rendered":"<p>Dou\u0103 persoane au fost transportate la spital, joi noaptea, \u00een urma unui accident \u00een care au fost implicate un autoturism<\/p>\n","protected":false},"author":1,"featured_media":89078,"comment_status":"open","ping_status":"closed","sticky":false,"template":"","format":"standard","meta":{"spay_email":"","footnotes":"","jetpack_publicize_message":""},"categories":[1],"tags":[],"class_list":["post-98889","post","type-post","status-publish","format-standard","has-post-thumbnail","hentry","category-uncategorized"],"jetpack_featured_media_url":"https:\/\/i1.wp.com\/realitatearutiera.ro\/wp-content\/uploads\/2022\/08\/accident-indicator-rutier-generic-a5539.jpg?fit=1200%2C802","jetpack_publicize_connections":[],"jetpack_sharing_enabled":true,"jetpack_shortlink":"https:\/\/wp.me\/p61naM-pIZ","jetpack-related-posts":[],"_links":{"self":[{"href":"http:\/\/realitatearutiera.ro\/index.php?rest_route=\/wp\/v2\/posts\/98889","targetHints":{"allow":["GET"]}}],"collection":[{"href":"http:\/\/realitatearutiera.ro\/index.php?rest_route=\/wp\/v2\/posts"}],"about":[{"href":"http:\/\/realitatearutiera.ro\/index.php?rest_route=\/wp\/v2\/types\/post"}],"author":[{"embeddable":true,"href":"http:\/\/realitatearutiera.ro\/index.php?rest_route=\/wp\/v2\/users\/1"}],"replies":[{"embeddable":true,"href":"http:\/\/realitatearutiera.ro\/index.php?rest_route=%2Fwp%2Fv2%2Fcomments&post=98889"}],"version-history":[{"count":1,"href":"http:\/\/realitatearutiera.ro\/index.php?rest_route=\/wp\/v2\/posts\/98889\/revisions"}],"predecessor-version":[{"id":98890,"href":"http:\/\/realitatearutiera.ro\/index.php?rest_route=\/wp\/v2\/posts\/98889\/revisions\/98890"}],"wp:featuredmedia":[{"embeddable":true,"href":"http:\/\/realitatearutiera.ro\/index.php?rest_route=\/wp\/v2\/media\/89078"}],"wp:attachment":[{"href":"http:\/\/realitatearutiera.ro\/index.php?rest_route=%2Fwp%2Fv2%2Fmedia&parent=98889"}],"wp:term":[{"taxonomy":"category","embeddable":true,"href":"http:\/\/realitatearutiera.ro\/index.php?rest_route=%2Fwp%2Fv2%2Fcategories&post=98889"},{"taxonomy":"post_tag","embeddable":true,"href":"http:\/\/realitatearutiera.ro\/index.php?rest_route=%2Fwp%2Fv2%2Ftags&post=98889"}],"curies":[{"name":"wp","href":"https:\/\/api.w.org\/{rel}","templated":true}]}}