{"id":100179,"date":"2023-06-22T09:04:40","date_gmt":"2023-06-22T06:04:40","guid":{"rendered":"https:\/\/realitatearutiera.ro\/?p=100179"},"modified":"2023-06-22T09:04:42","modified_gmt":"2023-06-22T06:04:42","slug":"cel-mai-scurt-traseu-catre-moldoveanu-cel-mai-inalt-varf-din-romania","status":"publish","type":"post","link":"https:\/\/realitatearutiera.ro\/?p=100179","title":{"rendered":"Cel mai scurt traseu c\u0103tre Moldoveanu, cel mai \u00eenalt v\u00e2rf din Rom\u00e2nia"},"content":{"rendered":"\n<p>Pe lista oric\u0103rui pasionat de munte se afl\u0103 pe un loc de top parcurgerea unui traseu p\u00e2n\u0103 la Moldoveanu, cel mai \u00eenalt \u0219i mai impun\u0103tor munte de la noi din \u021bar\u0103.<img loading=\"lazy\" decoding=\"async\" src=\"https:\/\/i2.wp.com\/cdn.adh.reperio.news\/image-7\/771141e0-5bdd-4f6d-bb74-238ed9297c7c\/index.jpeg?resize=800%2C361&#038;ssl=1\" alt=\"Traseul ce porne\u0219te din Valea Rea este unul foarte spectaculos FOTO Salvamont Arge\u0219\" width=\"800\" height=\"361\"  data-recalc-dims=\"1\"><\/p>\n\n\n\n<p>Traseul ce porne\u0219te din Valea Rea este unul foarte spectaculos FOTO Salvamont Arge\u0219<\/p>\n\n\n\n<p>Traseul prin Valea Rea spre v\u00e2rful Moldoveanu (2.544 metri) are avantajul de a fi cel mai scurt, put\u00e2nd fi str\u0103b\u0103tut f\u0103r\u0103 probleme dus-\u00eentors \u00eentr-o singur\u0103 zi, cu condi\u021bia s\u0103 pleca\u021bi diminea\u021ba foarte devreme \u0219i echipa\u021bi adecvat.<\/p>\n\n\n\n<p>Traseul dus-\u00eentors, pornind din Valea Rea, poate fi parcurs \u00een aproximativ 10 ore. De la Pite\u0219ti p\u00e2n\u0103 la Valea Rea, unde trebuie s\u0103 v\u0103 l\u0103sa\u021bi ma\u0219ina, drumul dureaz\u0103 aproximativ dou\u0103 ore \u0219i trece printre altele prin superbele comune Corbi \u0219i Nuc\u0219oara.<\/p>\n\n\n\n<p>De la Pite\u0219ti p\u00e2n\u0103 la Nuc\u0219oara drumul dureaz\u0103 o or\u0103, iar din Nuc\u0219oara p\u00e2n\u0103 la Valea Rea, pe un drum forestier, drumul poate fi parcurs cu ma\u0219ina \u00een minimum o or\u0103. Acest traseu trece prin abrupturi \u0219i c\u0103ld\u0103ri glaciare, lipsite de umbra brazilor, deci trebuie s\u0103 v\u0103 proteja\u021bi capul \u0219i s\u0103 utiliza\u021bi o crem\u0103 cu protec\u021bie solar\u0103.<\/p>\n\n\n\n<p>Iat\u0103 \u0219i punctele atinse de acest traseu: st\u00e2na lui Burnei din Valea Rea \u2013 Cascada V\u0103ii Rele \u2013 Iezerul Triunghiular \u2013 Porti\u021ba Vi\u0219tei \u2013 V\u00e2rful Vi\u0219tea Mare \u2013 V\u00e2rful Moldoveanu.<\/p>\n\n\n\n<p>De la St\u00e2na lui Burnei \u00eencepe&nbsp;<a href=\"https:\/\/adevarul.ro\/stiri-locale\/pitesti\/exclusiv-imagini-spectaculoase-de-pe-2131884.html\">un urcu\u0219 \u00een serpentine<\/a>&nbsp;solicitant \u0219i trece\u021bi pe l\u00e2ng\u0103 cascada V\u0103ii Rele.<\/p>\n\n\n\n<p>P\u00e2n\u0103 la Iezerul Valea Rea (Iezerul Triunghiular, lac de origine glaciar\u0103, aflat la o altitudine de 2159 metri) aceast\u0103 parte a traseului nu este una foarte dificil\u0103.<\/p>\n\n\n\n<p>\u00cens\u0103 de la Iezerul Valea Rea \u00eencepe panta abrupt\u0103. Ascensiunea spre Vi\u0219tea Mare \u0219i trecerea prin Spintecatura Moldoveanului este amenajat\u0103 cu lan\u021buri ce u\u0219ureaz\u0103 pasajul.<\/p>\n\n\n\n<h2 class=\"wp-block-heading\">Care este echipamentul obligatoriu<\/h2>\n\n\n\n<p>Video <a href=\"https:\/\/youtu.be\/ABssdM2fkcY\">aici<\/a><\/p>\n\n\n\n<p>\u201eAdev\u0103rul\u201d a vorbit despre acest traseu special cu Ion S\u0103nduloiu, \u0219eful Salvamont Arge\u0219.<\/p>\n\n\n\n<p><em>\u201eTraseul este unul mai scurt, \u00eens\u0103 nu este u\u0219or, iar drume\u021bii trebuie s\u0103 fie experimenta\u021bi. Este singura variant\u0103 de a ajunge \u00eentr-o singur\u0103 zi. \u00cen momentul \u0103sta, traseul \u00eenc\u0103 nu este deschis. Lunile august \u0219i septembrie sunt perioadele optime pentru a \u00eel parcurge. Urcu\u0219ul spre Vi\u0219tea este unul dur. \u0218i din Vi\u0219tea Mare spre v\u00e2rful Moldoveanu este o muchie care are ni\u0219te pasaje foarte dificile. Toate urcu\u0219urile spre Moldoveanu sunt dure, au fost \u0219i decese \u00eenregistrate, inclusiv pe traseul ce porne\u0219te din Valea Rea. G\u00e2ndi\u021bi-v\u0103 c\u0103 diferen\u021ba de nivel este de 1.100 metri\u201d<\/em>, precizeaz\u0103 Ion S\u0103nduloiu.<\/p>\n\n\n\n<p>Ca echipament, este obligatoriu s\u0103 ave\u021bi bocanci cu car\u00e2mb \u00eenalt, pantaloni lungi, haine de ploaie, lantern\u0103, ruscac, ap\u0103, m\u00e2ncare, \u00een special dulciuri. Este nevoie de mul\u021bi carbohidra\u021bi pentru efort.<\/p>\n\n\n\n<p><em>\u201eNu stric\u0103 nici o pereche de m\u0103nu\u0219i \u0219i o c\u0103ciul\u0103, pentru c\u0103 acolo sus pe Moldoveanu temperatura poate fi cu mult mai mic\u0103 dec\u00e2t de acolo de unde ai plecat. Diferen\u021ba poate fi \u0219i de 10 grade Celsius. Iar dac\u0103 de exemplu pleci de la 15 grade Celsius din Valea Rea, pe Moldoveanu&nbsp;<\/em><a href=\"https:\/\/adevarul.ro\/stiri-locale\/pitesti\/un-tanar-a-incercat-sa-urce-pe-varful-negoiu-in-2129981.html\">temperatura poate fi doar de 5 grade Celsius<\/a><em>&nbsp;\u0219i v\u00e2nt, un frig de \u00ee\u021bi \u00eenghea\u021b\u0103 m\u00e2inile\u201d<\/em>, adaug\u0103 Ion S\u0103nduloiu.<\/p>\n","protected":false},"excerpt":{"rendered":"<p>Pe lista oric\u0103rui pasionat de munte se afl\u0103 pe un loc de top parcurgerea unui traseu p\u00e2n\u0103 la Moldoveanu, cel<\/p>\n","protected":false},"author":1,"featured_media":100180,"comment_status":"open","ping_status":"closed","sticky":false,"template":"","format":"standard","meta":{"spay_email":"","footnotes":"","jetpack_publicize_message":""},"categories":[53],"tags":[],"class_list":["post-100179","post","type-post","status-publish","format-standard","has-post-thumbnail","hentry","category-periplu-prin-romania"],"jetpack_featured_media_url":"https:\/\/i1.wp.com\/realitatearutiera.ro\/wp-content\/uploads\/2023\/06\/maxresdefault.jpg?fit=1280%2C720&ssl=1","jetpack_publicize_connections":[],"jetpack_sharing_enabled":true,"jetpack_shortlink":"https:\/\/wp.me\/p61naM-q3N","jetpack-related-posts":[],"_links":{"self":[{"href":"https:\/\/realitatearutiera.ro\/index.php?rest_route=\/wp\/v2\/posts\/100179","targetHints":{"allow":["GET"]}}],"collection":[{"href":"https:\/\/realitatearutiera.ro\/index.php?rest_route=\/wp\/v2\/posts"}],"about":[{"href":"https:\/\/realitatearutiera.ro\/index.php?rest_route=\/wp\/v2\/types\/post"}],"author":[{"embeddable":true,"href":"https:\/\/realitatearutiera.ro\/index.php?rest_route=\/wp\/v2\/users\/1"}],"replies":[{"embeddable":true,"href":"https:\/\/realitatearutiera.ro\/index.php?rest_route=%2Fwp%2Fv2%2Fcomments&post=100179"}],"version-history":[{"count":1,"href":"https:\/\/realitatearutiera.ro\/index.php?rest_route=\/wp\/v2\/posts\/100179\/revisions"}],"predecessor-version":[{"id":100181,"href":"https:\/\/realitatearutiera.ro\/index.php?rest_route=\/wp\/v2\/posts\/100179\/revisions\/100181"}],"wp:featuredmedia":[{"embeddable":true,"href":"https:\/\/realitatearutiera.ro\/index.php?rest_route=\/wp\/v2\/media\/100180"}],"wp:attachment":[{"href":"https:\/\/realitatearutiera.ro\/index.php?rest_route=%2Fwp%2Fv2%2Fmedia&parent=100179"}],"wp:term":[{"taxonomy":"category","embeddable":true,"href":"https:\/\/realitatearutiera.ro\/index.php?rest_route=%2Fwp%2Fv2%2Fcategories&post=100179"},{"taxonomy":"post_tag","embeddable":true,"href":"https:\/\/realitatearutiera.ro\/index.php?rest_route=%2Fwp%2Fv2%2Ftags&post=100179"}],"curies":[{"name":"wp","href":"https:\/\/api.w.org\/{rel}","templated":true}]}}