{"id":100262,"date":"2023-06-23T10:01:13","date_gmt":"2023-06-23T07:01:13","guid":{"rendered":"https:\/\/realitatearutiera.ro\/?p=100262"},"modified":"2023-06-23T10:01:16","modified_gmt":"2023-06-23T07:01:16","slug":"un-ambulantier-aflat-in-misiune-a-fost-lasat-fara-permis-de-conducere-fiindca-nu-avea-pornite-semnalele-autosanitarei","status":"publish","type":"post","link":"https:\/\/realitatearutiera.ro\/?p=100262","title":{"rendered":"Un ambulan\u0163ier, aflat \u00een misiune, a fost l\u0103sat f\u0103r\u0103 permis de conducere fiindc\u0103 nu avea pornite semnalele autosanitarei"},"content":{"rendered":"\n<p>Un ambulan\u0163ier aflat \u00een misiune a fost l\u0103sat f\u0103r\u0103 permis de conducere pentru o perioad\u0103 de 90 de zile, dup\u0103 ce a fost oprit \u00een trafic de un echipaj de poli\u0163ie, fiindc\u0103 circula cu vitez\u0103 f\u0103r\u0103 s\u0103 aib\u0103 pornite semnalele acustice \u015fi luminoase ale autosanitarei, scrie Agerpres.<\/p>\n\n\n\n<p>\u201eAmbulan\u0163a era \u00een misiune cod galben. Se \u00eendrepta spre Pope\u015fti, comuna Micle\u015fti, la o pacient\u0103 \u00een v\u00e2rst\u0103 de 68 de ani cu patologie psihiatric\u0103. Nu avea pornite semnalele acustice \u015fi luminoase, a\u015fa cum prevede legisla\u0163ia. A fost oprit\u0103 de un echipaj de poli\u0163ie, iar ambulan\u0163ierul a fost sanc\u0163ionat cu suspendarea dreptului de a conduce vehicule pe drumurile publice pentru 90 de zile. Av\u00e2nd \u00een vedere aceast\u0103 situa\u0163ie, urmeaz\u0103 o anchet\u0103 intern\u0103 pentru stabilirea circumstan\u0163elor\u201d, a declarat purt\u0103torul de cuv\u00e2nt al Serviciului de Ambulan\u0163\u0103 Jude\u0163ean Vaslui, Daniel Ungureanu.<\/p>\n\n\n\n<p>Conform reprezentan\u0163ilor Inspectoratului de Poli\u0163ie Jude\u0163ean Vaslui, \u015foferul ambulan\u0163ei avea o viteza de peste 100 km\/h pe un sector de drum unde limita era de doar 50 km\/h.<\/p>\n\n\n\n<p>\u201eLa data de 17 iunie 2023, ora 22.30, un echipaj al Serviciului Rutier Vaslui care ac\u0163iona, \u00een baza unui plan de ac\u0163iune, \u00een municipiul Vaslui, pe strada \u015etefan cel Mare, a surprins cu aparatul radar \u015fi sanctionat contraven\u0163ional un conduc\u0103tor al unei autospeciale apar\u0163in\u00e2nd Serviciului Jude\u0163ean de Ambulan\u0163\u0103 Vaslui, care nu circula \u00een regim prioritar \u015fi care se deplasa cu o vitez\u0103 de 107 km\/h, pe un sector de drum unde limita de vitez\u0103 maxim\u0103 admis\u0103 este de 50 km\/h. Fa\u0163\u0103 de conduc\u0103torul auto, b\u0103rbat de 56 de ani, din Vaslui, a fost luat\u0103 m\u0103sura sanc\u0163ion\u0103rii contraven\u0163ionale \u015fi, complementar, suspendarea dreptului de a conduce vehicule pe drumurile publice pe o perioad\u0103 de 90 de zile\u201d, au transmis reprezentan\u0163ii IPJ Vaslui.<\/p>\n\n\n\n<p>Sursa:g4media<\/p>\n","protected":false},"excerpt":{"rendered":"<p>Un ambulan\u0163ier aflat \u00een misiune a fost l\u0103sat f\u0103r\u0103 permis de conducere pentru o perioad\u0103 de 90 de zile, dup\u0103<\/p>\n","protected":false},"author":1,"featured_media":94475,"comment_status":"open","ping_status":"closed","sticky":false,"template":"","format":"standard","meta":{"spay_email":"","footnotes":"","jetpack_publicize_message":""},"categories":[6],"tags":[],"class_list":["post-100262","post","type-post","status-publish","format-standard","has-post-thumbnail","hentry","category-social"],"jetpack_featured_media_url":"https:\/\/i1.wp.com\/realitatearutiera.ro\/wp-content\/uploads\/2023\/01\/ambulanta-poza-buna-pentru-ambulanta-poza_5616d621b4.jpg?fit=1920%2C1080&ssl=1","jetpack_publicize_connections":[],"jetpack_sharing_enabled":true,"jetpack_shortlink":"https:\/\/wp.me\/p61naM-q58","jetpack-related-posts":[],"_links":{"self":[{"href":"https:\/\/realitatearutiera.ro\/index.php?rest_route=\/wp\/v2\/posts\/100262","targetHints":{"allow":["GET"]}}],"collection":[{"href":"https:\/\/realitatearutiera.ro\/index.php?rest_route=\/wp\/v2\/posts"}],"about":[{"href":"https:\/\/realitatearutiera.ro\/index.php?rest_route=\/wp\/v2\/types\/post"}],"author":[{"embeddable":true,"href":"https:\/\/realitatearutiera.ro\/index.php?rest_route=\/wp\/v2\/users\/1"}],"replies":[{"embeddable":true,"href":"https:\/\/realitatearutiera.ro\/index.php?rest_route=%2Fwp%2Fv2%2Fcomments&post=100262"}],"version-history":[{"count":1,"href":"https:\/\/realitatearutiera.ro\/index.php?rest_route=\/wp\/v2\/posts\/100262\/revisions"}],"predecessor-version":[{"id":100263,"href":"https:\/\/realitatearutiera.ro\/index.php?rest_route=\/wp\/v2\/posts\/100262\/revisions\/100263"}],"wp:featuredmedia":[{"embeddable":true,"href":"https:\/\/realitatearutiera.ro\/index.php?rest_route=\/wp\/v2\/media\/94475"}],"wp:attachment":[{"href":"https:\/\/realitatearutiera.ro\/index.php?rest_route=%2Fwp%2Fv2%2Fmedia&parent=100262"}],"wp:term":[{"taxonomy":"category","embeddable":true,"href":"https:\/\/realitatearutiera.ro\/index.php?rest_route=%2Fwp%2Fv2%2Fcategories&post=100262"},{"taxonomy":"post_tag","embeddable":true,"href":"https:\/\/realitatearutiera.ro\/index.php?rest_route=%2Fwp%2Fv2%2Ftags&post=100262"}],"curies":[{"name":"wp","href":"https:\/\/api.w.org\/{rel}","templated":true}]}}