{"id":100336,"date":"2023-06-26T10:55:56","date_gmt":"2023-06-26T07:55:56","guid":{"rendered":"https:\/\/realitatearutiera.ro\/?p=100336"},"modified":"2023-06-26T11:18:21","modified_gmt":"2023-06-26T08:18:21","slug":"greseala-pe-care-o-fac-toti-soferii-cand-pornesc-aerul-conditionat-in-masina","status":"publish","type":"post","link":"https:\/\/realitatearutiera.ro\/?p=100336","title":{"rendered":"Gre\u0219eala pe care o fac to\u021bi \u0219oferii c\u00e2nd pornesc aerul condi\u021bionat \u00een ma\u0219in\u0103"},"content":{"rendered":"\n<p>Canicula \u00eei face pe \u0219oferi s\u0103 porneasc\u0103 aerul condi\u021bionat imediat cum se urc\u0103 \u00een ma\u0219in\u0103. Iat\u0103 cum se folose\u0219te corect func\u021bia AC.<\/p>\n\n\n\n<figure class=\"wp-block-image size-full is-resized\"><img loading=\"lazy\" decoding=\"async\" data-attachment-id=\"100337\" data-permalink=\"https:\/\/realitatearutiera.ro\/?attachment_id=100337\" data-orig-file=\"https:\/\/i2.wp.com\/realitatearutiera.ro\/wp-content\/uploads\/2023\/06\/image-61.png?fit=1024%2C641&amp;ssl=1\" data-orig-size=\"1024,641\" data-comments-opened=\"1\" data-image-meta=\"{&quot;aperture&quot;:&quot;0&quot;,&quot;credit&quot;:&quot;&quot;,&quot;camera&quot;:&quot;&quot;,&quot;caption&quot;:&quot;&quot;,&quot;created_timestamp&quot;:&quot;0&quot;,&quot;copyright&quot;:&quot;&quot;,&quot;focal_length&quot;:&quot;0&quot;,&quot;iso&quot;:&quot;0&quot;,&quot;shutter_speed&quot;:&quot;0&quot;,&quot;title&quot;:&quot;&quot;,&quot;orientation&quot;:&quot;0&quot;}\" data-image-title=\"image-61\" data-image-description=\"\" data-medium-file=\"https:\/\/i2.wp.com\/realitatearutiera.ro\/wp-content\/uploads\/2023\/06\/image-61.png?fit=300%2C188&amp;ssl=1\" data-large-file=\"https:\/\/i2.wp.com\/realitatearutiera.ro\/wp-content\/uploads\/2023\/06\/image-61.png?fit=800%2C501&amp;ssl=1\" src=\"https:\/\/i2.wp.com\/realitatearutiera.ro\/wp-content\/uploads\/2023\/06\/image-61.png?resize=551%2C344&#038;ssl=1\" alt=\"\" class=\"wp-image-100337\" width=\"551\" height=\"344\" srcset=\"https:\/\/i2.wp.com\/realitatearutiera.ro\/wp-content\/uploads\/2023\/06\/image-61.png?w=1024&amp;ssl=1 1024w, https:\/\/i2.wp.com\/realitatearutiera.ro\/wp-content\/uploads\/2023\/06\/image-61.png?resize=300%2C188&amp;ssl=1 300w, https:\/\/i2.wp.com\/realitatearutiera.ro\/wp-content\/uploads\/2023\/06\/image-61.png?resize=768%2C481&amp;ssl=1 768w\" sizes=\"auto, (max-width: 551px) 100vw, 551px\" data-recalc-dims=\"1\" \/><\/figure>\n\n\n\n<p>Mul\u021bi \u0219oferi folosesc aerul condi\u021bionat \u00een ma\u0219in\u0103, dar fac \u0219i anumite gre\u0219eli. Respecta\u021bi c\u00e2teva sfaturi, pentru ca aerul s\u0103 func\u021bioneze perfect.<\/p>\n\n\n\n<p>\u00cen momentul \u00een care v\u0103 achizi\u021biona\u021bi o ma\u0219in\u0103, una dintre op\u021biunile la care sunte\u021bi aten\u021bi, cu siguran\u021b\u0103 este \u0219i aerul condi\u021bionat. Nu to\u021bi \u0219oferii \u0219tiu \u00eens\u0103 cum se folose\u0219te corect aceast\u0103 instala\u021bie.&nbsp;<\/p>\n\n\n\n<p>Sunt mul\u021bi oameni care fac gre\u0219eli, iar apoi \u00ee\u0219i dau seama c\u0103 aerul condi\u021bionat nu mai func\u021bioneaz\u0103 perfect. Pute\u021bi avea probleme doar cu eficien\u021ba instala\u021biei de aer condi\u021bionat sau, mai grav, poate fi afectat\u0103 fiabilitatea sistemului de aer condi\u021bionat pe termen lung.<\/p>\n\n\n\n<p>De aceea, nu porni\u021bi niciodat\u0103 ma\u0219ina, f\u0103r\u0103 s\u0103 aerisi\u021bi \u00eenainte. \u00cen acest fel, instala\u021bia de aer condi\u021bionat va func\u021biona mai eficient.\u00a0<\/p>\n\n\n\n<p>Trebuie doar s\u0103 l\u0103sa\u021bi portierele sau geamurile deschise, pentru c\u00e2teva minute, pentru ca aerul \u00eencins s\u0103 fie eliminat. Astfel, ve\u021bi avea r\u0103coare \u00een ma\u0219in\u0103 mult mai repede.&nbsp;<\/p>\n\n\n\n<p>Dup\u0103 ce a\u021bi aerisit ma\u0219ina, porni\u021bi func\u021bia de recirculare a instala\u021biei de aer condi\u021bionat. Dac\u0103 ve\u021bi face asta, interiorul ma\u0219inii se va r\u0103ci imediat. Dup\u0103 aceea, pute\u021bi dezactiva func\u021bia \u0219i s\u0103 l\u0103sa\u021bi aerul proasp\u0103t s\u0103 intre.&nbsp;<\/p>\n\n\n\n<p>Nu seta\u021bi o temperatur\u0103 prea sc\u0103zut\u0103 \u00een ma\u0219in\u0103, pentru c\u0103 acest lucru v\u0103 poate afecta \u0219i s\u0103n\u0103tatea. De asemenea, instala\u021bia de aer condi\u021bionat va func\u021biona mai greu.<\/p>\n\n\n\n<p>Cu c\u00e2teva minute \u00eenainte de a ajunge la destina\u021bie, nu uita\u021bi s\u0103 \u00eenchide\u021bi aerul condi\u021bionat. Apa condensat\u0103 care se acumuleaz\u0103 va avea timp s\u0103 se evapore, p\u00e2n\u0103 s\u0103 opri\u021bi motorul ma\u0219inii. Astfel, bacteriile \u0219i mucegaiul nu au cum s\u0103 se \u00eenmul\u021beasc\u0103. \u00a0<\/p>\n\n\n\n<p>Sursa:realitatea<\/p>\n","protected":false},"excerpt":{"rendered":"<p>Canicula \u00eei face pe \u0219oferi s\u0103 porneasc\u0103 aerul condi\u021bionat imediat cum se urc\u0103 \u00een ma\u0219in\u0103. Iat\u0103 cum se folose\u0219te corect<\/p>\n","protected":false},"author":1,"featured_media":100338,"comment_status":"open","ping_status":"closed","sticky":false,"template":"","format":"standard","meta":{"spay_email":"","footnotes":"","jetpack_publicize_message":""},"categories":[6],"tags":[],"class_list":["post-100336","post","type-post","status-publish","format-standard","has-post-thumbnail","hentry","category-social"],"jetpack_featured_media_url":"https:\/\/i0.wp.com\/realitatearutiera.ro\/wp-content\/uploads\/2023\/06\/masina-aer-conditionat_ed2f7001f5.jpg?fit=1920%2C1080&ssl=1","jetpack_publicize_connections":[],"jetpack_sharing_enabled":true,"jetpack_shortlink":"https:\/\/wp.me\/p61naM-q6k","jetpack-related-posts":[],"_links":{"self":[{"href":"https:\/\/realitatearutiera.ro\/index.php?rest_route=\/wp\/v2\/posts\/100336","targetHints":{"allow":["GET"]}}],"collection":[{"href":"https:\/\/realitatearutiera.ro\/index.php?rest_route=\/wp\/v2\/posts"}],"about":[{"href":"https:\/\/realitatearutiera.ro\/index.php?rest_route=\/wp\/v2\/types\/post"}],"author":[{"embeddable":true,"href":"https:\/\/realitatearutiera.ro\/index.php?rest_route=\/wp\/v2\/users\/1"}],"replies":[{"embeddable":true,"href":"https:\/\/realitatearutiera.ro\/index.php?rest_route=%2Fwp%2Fv2%2Fcomments&post=100336"}],"version-history":[{"count":2,"href":"https:\/\/realitatearutiera.ro\/index.php?rest_route=\/wp\/v2\/posts\/100336\/revisions"}],"predecessor-version":[{"id":100341,"href":"https:\/\/realitatearutiera.ro\/index.php?rest_route=\/wp\/v2\/posts\/100336\/revisions\/100341"}],"wp:featuredmedia":[{"embeddable":true,"href":"https:\/\/realitatearutiera.ro\/index.php?rest_route=\/wp\/v2\/media\/100338"}],"wp:attachment":[{"href":"https:\/\/realitatearutiera.ro\/index.php?rest_route=%2Fwp%2Fv2%2Fmedia&parent=100336"}],"wp:term":[{"taxonomy":"category","embeddable":true,"href":"https:\/\/realitatearutiera.ro\/index.php?rest_route=%2Fwp%2Fv2%2Fcategories&post=100336"},{"taxonomy":"post_tag","embeddable":true,"href":"https:\/\/realitatearutiera.ro\/index.php?rest_route=%2Fwp%2Fv2%2Ftags&post=100336"}],"curies":[{"name":"wp","href":"https:\/\/api.w.org\/{rel}","templated":true}]}}