{"id":100410,"date":"2023-06-28T09:27:48","date_gmt":"2023-06-28T06:27:48","guid":{"rendered":"https:\/\/realitatearutiera.ro\/?p=100410"},"modified":"2023-06-28T09:27:52","modified_gmt":"2023-06-28T06:27:52","slug":"un-autobuz-plin-cu-pasageri-a-luat-foc-pe-sosea-in-dulcesti-judetul-neamt","status":"publish","type":"post","link":"https:\/\/realitatearutiera.ro\/?p=100410","title":{"rendered":"Un autobuz plin cu pasageri a luat foc pe \u0219osea, \u00een Dulce\u0219ti, jude\u021bul Neam\u021b!\u00a0"},"content":{"rendered":"\n<p>Un incendiu a izbucnit \u00eentr-un autobuz cu 30 de pasageri, \u00een comuna Dulce\u0219ti, jude\u021bul Neam\u021b, pe DN 15 D, miercuri diminea\u021b\u0103.<\/p>\n\n\n\n<figure class=\"wp-block-image\"><img decoding=\"async\" src=\"https:\/\/www.antena3.ro\/thumbs\/big4\/2023\/06\/28\/autobuz-plin-pasageri-a-luat-foc-dulcesti-neamt-de-la-ce-a-pornit-incendiul-843112.webp\" alt=\"Un autobuz plin cu pasageri a luat foc pe \u0219osea, \u00een Dulce\u0219ti, jude\u021bul Neam\u021b! De la ce a pornit incendiul\"\/><\/figure>\n\n\n\n<p>Sursa foto: ISU Neamt de\u00a0<a href=\"https:\/\/www.antena3.ro\/autor\/mia-lungu.html\">Mia Lungu<\/a>\u00a0\u00a0\u00a0 | \u00a0\u00a0\u00a028 Iun 2023 \u00a0\u00a0\u2022\u00a0\u00a0 09:18<\/p>\n\n\n\n<p>P\u00e2n\u0103 la sosirea pompierilor, cei 30 de pasageri din&nbsp;<a href=\"https:\/\/www.antena3.ro\/tag\/autobuz-4189.html\">autobuz<\/a>&nbsp;au cobor\u00e2t. Nicio persoan\u0103 nu a avut nevoie de \u00eengrijiri medicale, conform ISU Neam\u021b.<\/p>\n\n\n\n<p>La sosirea for\u021belor de interven\u021bie incendiul se manifesta generalizat cu flac\u0103r\u0103 deschis\u0103 la \u00eentregul autobuz.&nbsp;<\/p>\n\n\n\n<p>Pompierii au stins incendiul \u0219i au stabilit c\u0103 un scurtcircuit electric a fost cauza probabil\u0103.<\/p>\n\n\n\n<blockquote class=\"wp-block-quote is-layout-flow wp-block-quote-is-layout-flow\">\n<p>\u00cen aceast\u0103 diminea\u021b\u0103, la ora 05:28, pompierii au fost \u00een\u0219tiin\u021ba\u021bi despre producerea unui incendiu la un autobuz cu pasageri ce se afla \u00een mers pe DN 15 D \u00een comuna Dulce\u0219ti.&nbsp;<\/p>\n\n\n\n<p>La locul solicit\u0103rii s-au deplasat pompierii din cadrul Deta\u0219amentului Roman cu dou\u0103 autospeciale de stingere \u0219i o ambulan\u021b\u0103 SMURD.&nbsp;<\/p>\n\n\n\n<p>P\u00e2n\u0103 la sosirea for\u021belor de interven\u021bie, cei 30 de pasageri din autobuz s-au autoevacuat. Nicio persoan\u0103 nu a avut nevoie de \u00eengrijiri medicale.&nbsp;<\/p>\n\n\n\n<p>La sosirea for\u021belor de interven\u021bie incendiul se manifesta generalizat cu flac\u0103r\u0103 deschis\u0103 la \u00eentregul autobuz. Pompierii au ac\u021bionat pentru localizarea \u0219i lichidarea incendiului.&nbsp;<\/p>\n\n\n\n<p>Scurtcircuitul electric a fost cauza probabil\u0103 de producere a incendiului.<\/p>\n\n\n\n<p>Sursa:antena3<\/p>\n<\/blockquote>\n","protected":false},"excerpt":{"rendered":"<p>Un incendiu a izbucnit \u00eentr-un autobuz cu 30 de pasageri, \u00een comuna Dulce\u0219ti, jude\u021bul Neam\u021b, pe DN 15 D, miercuri<\/p>\n","protected":false},"author":1,"featured_media":100411,"comment_status":"open","ping_status":"closed","sticky":false,"template":"","format":"standard","meta":{"spay_email":"","footnotes":"","jetpack_publicize_message":""},"categories":[1],"tags":[],"class_list":["post-100410","post","type-post","status-publish","format-standard","has-post-thumbnail","hentry","category-uncategorized"],"jetpack_featured_media_url":"https:\/\/i2.wp.com\/realitatearutiera.ro\/wp-content\/uploads\/2023\/06\/IMG-20230628-WA0050_19e4f52f24.jpg?fit=1920%2C1080&ssl=1","jetpack_publicize_connections":[],"jetpack_sharing_enabled":true,"jetpack_shortlink":"https:\/\/wp.me\/p61naM-q7w","jetpack-related-posts":[],"_links":{"self":[{"href":"https:\/\/realitatearutiera.ro\/index.php?rest_route=\/wp\/v2\/posts\/100410","targetHints":{"allow":["GET"]}}],"collection":[{"href":"https:\/\/realitatearutiera.ro\/index.php?rest_route=\/wp\/v2\/posts"}],"about":[{"href":"https:\/\/realitatearutiera.ro\/index.php?rest_route=\/wp\/v2\/types\/post"}],"author":[{"embeddable":true,"href":"https:\/\/realitatearutiera.ro\/index.php?rest_route=\/wp\/v2\/users\/1"}],"replies":[{"embeddable":true,"href":"https:\/\/realitatearutiera.ro\/index.php?rest_route=%2Fwp%2Fv2%2Fcomments&post=100410"}],"version-history":[{"count":1,"href":"https:\/\/realitatearutiera.ro\/index.php?rest_route=\/wp\/v2\/posts\/100410\/revisions"}],"predecessor-version":[{"id":100412,"href":"https:\/\/realitatearutiera.ro\/index.php?rest_route=\/wp\/v2\/posts\/100410\/revisions\/100412"}],"wp:featuredmedia":[{"embeddable":true,"href":"https:\/\/realitatearutiera.ro\/index.php?rest_route=\/wp\/v2\/media\/100411"}],"wp:attachment":[{"href":"https:\/\/realitatearutiera.ro\/index.php?rest_route=%2Fwp%2Fv2%2Fmedia&parent=100410"}],"wp:term":[{"taxonomy":"category","embeddable":true,"href":"https:\/\/realitatearutiera.ro\/index.php?rest_route=%2Fwp%2Fv2%2Fcategories&post=100410"},{"taxonomy":"post_tag","embeddable":true,"href":"https:\/\/realitatearutiera.ro\/index.php?rest_route=%2Fwp%2Fv2%2Ftags&post=100410"}],"curies":[{"name":"wp","href":"https:\/\/api.w.org\/{rel}","templated":true}]}}